{"id":30534,"date":"2025-05-01T12:46:05","date_gmt":"2025-05-01T16:46:05","guid":{"rendered":"https:\/\/www.pedroandretta.info\/index\/?p=30534"},"modified":"2025-05-01T12:46:10","modified_gmt":"2025-05-01T16:46:10","slug":"declaracao-da-ifla-sobre-direitos-autorais-e-inteligencia-artificial-ia-ifla","status":"publish","type":"post","link":"https:\/\/www.pedroandretta.info\/index\/2025\/05\/declaracao-da-ifla-sobre-direitos-autorais-e-inteligencia-artificial-ia-ifla\/","title":{"rendered":"Declara\u00e7\u00e3o da IFLA sobre direitos autorais e intelig\u00eancia artificial (IA) \/ IFLA"},"content":{"rendered":"\n<p><strong>Declara\u00e7\u00e3o da IFLA sobre direitos autorais e intelig\u00eancia artificial (IA)<\/strong><\/p>\n\n\n\n<p>O surgimento das tecnologias de IA levanta muitas considera\u00e7\u00f5es para as bibliotecas, incluindo como o conte\u00fado \u00e9 usado e por quem. As bibliotecas est\u00e3o em uma posi\u00e7\u00e3o \u00fanica para liderar neste espa\u00e7o, afirmando e avan\u00e7ando seu papel como inovadoras &#8211; desde o suporte ao treinamento de IA, incluindo conte\u00fado gerado por IA em cole\u00e7\u00f5es de bibliotecas, uso para auxiliar na cataloga\u00e7\u00e3o e descoberta de cole\u00e7\u00f5es\/itens, e melhorando e fornecendo de forma mais eficiente servi\u00e7os essenciais de biblioteca, como servi\u00e7os de refer\u00eancia e empr\u00e9stimo entre bibliotecas.<\/p>\n\n\n\n<p>#DireitosAutorais #IFLA #IA #Bibliotecas<\/p>\n\n\n\n<p>via IFLA<\/p>\n\n\n\n<p>Dispon\u00edvel em: <a href=\"https:\/\/repository.ifla.org\/items\/e9f1f982-7876-46ed-91f9-e508a60cda72\">https:\/\/repository.ifla.org\/items\/e9f1f982-7876-46ed-91f9-e508a60cda72<\/a><\/p>\n\n\n\n<figure class=\"wp-block-image size-large\"><img data-recalc-dims=\"1\" decoding=\"async\" width=\"430\" height=\"600\" src=\"https:\/\/i0.wp.com\/www.pedroandretta.info\/index\/wp-content\/uploads\/2025\/05\/image-1.png?resize=430%2C600&#038;ssl=1\" alt=\"\" class=\"wp-image-30535\" srcset=\"https:\/\/i0.wp.com\/www.pedroandretta.info\/index\/wp-content\/uploads\/2025\/05\/image-1.png?resize=430%2C600&amp;ssl=1 430w, https:\/\/i0.wp.com\/www.pedroandretta.info\/index\/wp-content\/uploads\/2025\/05\/image-1.png?resize=215%2C300&amp;ssl=1 215w, https:\/\/i0.wp.com\/www.pedroandretta.info\/index\/wp-content\/uploads\/2025\/05\/image-1.png?w=524&amp;ssl=1 524w\" sizes=\"(max-width: 430px) 100vw, 430px\" \/><\/figure>\n","protected":false},"excerpt":{"rendered":"<p>Declara\u00e7\u00e3o da IFLA sobre direitos autorais e intelig\u00eancia artificial (IA) O surgimento das tecnologias de IA levanta muitas considera\u00e7\u00f5es para as bibliotecas, incluindo como o conte\u00fado \u00e9 usado e por quem. As bibliotecas est\u00e3o em uma posi\u00e7\u00e3o \u00fanica para liderar neste espa\u00e7o, afirmando e avan\u00e7ando seu papel como inovadoras &#8211; desde o suporte ao treinamento<\/p><\/div>\n<div class=\"blog-btn\"><a href=\"https:\/\/www.pedroandretta.info\/index\/2025\/05\/declaracao-da-ifla-sobre-direitos-autorais-e-inteligencia-artificial-ia-ifla\/\" class=\"home-blog-btn\">Ler mais<\/a><\/p>\n","protected":false},"author":1,"featured_media":0,"comment_status":"open","ping_status":"open","sticky":false,"template":"","format":"standard","meta":{"_jetpack_memberships_contains_paid_content":false,"footnotes":"","jetpack_publicize_message":"","jetpack_publicize_feature_enabled":true,"jetpack_social_post_already_shared":true,"jetpack_social_options":{"image_generator_settings":{"template":"highway","default_image_id":0,"font":"","enabled":false},"version":2}},"categories":[21],"tags":[38,301,344,1994],"class_list":["post-30534","post","type-post","status-publish","format-standard","hentry","category-informeci","tag-bibliotecas","tag-direitosautorais","tag-ifla","tag-inteligenciaartificial"],"jetpack_publicize_connections":[],"jetpack_featured_media_url":"","views":"","jetpack_sharing_enabled":true,"_links":{"self":[{"href":"https:\/\/www.pedroandretta.info\/index\/wp-json\/wp\/v2\/posts\/30534","targetHints":{"allow":["GET"]}}],"collection":[{"href":"https:\/\/www.pedroandretta.info\/index\/wp-json\/wp\/v2\/posts"}],"about":[{"href":"https:\/\/www.pedroandretta.info\/index\/wp-json\/wp\/v2\/types\/post"}],"author":[{"embeddable":true,"href":"https:\/\/www.pedroandretta.info\/index\/wp-json\/wp\/v2\/users\/1"}],"replies":[{"embeddable":true,"href":"https:\/\/www.pedroandretta.info\/index\/wp-json\/wp\/v2\/comments?post=30534"}],"version-history":[{"count":0,"href":"https:\/\/www.pedroandretta.info\/index\/wp-json\/wp\/v2\/posts\/30534\/revisions"}],"wp:attachment":[{"href":"https:\/\/www.pedroandretta.info\/index\/wp-json\/wp\/v2\/media?parent=30534"}],"wp:term":[{"taxonomy":"category","embeddable":true,"href":"https:\/\/www.pedroandretta.info\/index\/wp-json\/wp\/v2\/categories?post=30534"},{"taxonomy":"post_tag","embeddable":true,"href":"https:\/\/www.pedroandretta.info\/index\/wp-json\/wp\/v2\/tags?post=30534"}],"curies":[{"name":"wp","href":"https:\/\/api.w.org\/{rel}","templated":true}]}}