{"id":30608,"date":"2025-06-29T13:14:22","date_gmt":"2025-06-29T17:14:22","guid":{"rendered":"https:\/\/www.pedroandretta.info\/index\/?p=30608"},"modified":"2025-05-03T13:16:13","modified_gmt":"2025-05-03T17:16:13","slug":"inclusao-digital-para-idosos-bibliotecas-como-espacos-de-cidadania-tecnologica-ci-express","status":"publish","type":"post","link":"https:\/\/www.pedroandretta.info\/index\/2025\/06\/inclusao-digital-para-idosos-bibliotecas-como-espacos-de-cidadania-tecnologica-ci-express\/","title":{"rendered":"Inclus\u00e3o digital para idosos: bibliotecas como espa\u00e7os de cidadania tecnol\u00f3gica \/ CI Express"},"content":{"rendered":"\n<p><strong>Inclus\u00e3o digital para idosos: bibliotecas como espa\u00e7os de cidadania tecnol\u00f3gica<\/strong><\/p>\n\n\n\n<p>O avan\u00e7o da sociedade digital tem acentuado desigualdades, especialmente entre grupos vulner\u00e1veis como os idosos. Com isso, iniciativas que promovem a inclus\u00e3o digital tornam-se cada vez mais urgentes. Um estudo desenvolvido na Universidade Federal do Cariri (UFCA) prop\u00f5e transformar as bibliotecas em espa\u00e7os protagonistas de forma\u00e7\u00e3o digital voltada \u00e0 popula\u00e7\u00e3o idosa, ampliando seu acesso \u00e0 informa\u00e7\u00e3o e sua participa\u00e7\u00e3o ativa na vida em sociedade.<\/p>\n\n\n\n<p>#PessoasIdosas #Inclus\u00e3oDigital<\/p>\n\n\n\n<p>via CI Express<\/p>\n\n\n\n<p>Dispon\u00edvel em: <a href=\"https:\/\/www.cienciadainformacaoexpress.com\/post\/inclus%C3%A3o-digital-para-idosos-bibliotecas-como-espa%C3%A7os-de-cidadania-tecnol%C3%B3gica\">https:\/\/www.cienciadainformacaoexpress.com\/post\/inclus%C3%A3o-digital-para-idosos-bibliotecas-como-espa%C3%A7os-de-cidadania-tecnol%C3%B3gica<\/a><\/p>\n","protected":false},"excerpt":{"rendered":"<p>Inclus\u00e3o digital para idosos: bibliotecas como espa\u00e7os de cidadania tecnol\u00f3gica O avan\u00e7o da sociedade digital tem acentuado desigualdades, especialmente entre grupos vulner\u00e1veis como os idosos. Com isso, iniciativas que promovem a inclus\u00e3o digital tornam-se cada vez mais urgentes. Um estudo desenvolvido na Universidade Federal do Cariri (UFCA) prop\u00f5e transformar as bibliotecas em espa\u00e7os protagonistas de<\/p><\/div>\n<div class=\"blog-btn\"><a href=\"https:\/\/www.pedroandretta.info\/index\/2025\/06\/inclusao-digital-para-idosos-bibliotecas-como-espacos-de-cidadania-tecnologica-ci-express\/\" class=\"home-blog-btn\">Ler mais<\/a><\/p>\n","protected":false},"author":1,"featured_media":0,"comment_status":"open","ping_status":"open","sticky":false,"template":"","format":"standard","meta":{"_jetpack_memberships_contains_paid_content":false,"footnotes":"","jetpack_publicize_message":"","jetpack_publicize_feature_enabled":true,"jetpack_social_post_already_shared":true,"jetpack_social_options":{"image_generator_settings":{"template":"highway","default_image_id":0,"font":"","enabled":false},"version":2}},"categories":[21],"tags":[1057,1751],"class_list":["post-30608","post","type-post","status-publish","format-standard","hentry","category-informeci","tag-idosos","tag-inclusaodigital"],"jetpack_publicize_connections":[],"jetpack_featured_media_url":"","views":"","jetpack_sharing_enabled":true,"_links":{"self":[{"href":"https:\/\/www.pedroandretta.info\/index\/wp-json\/wp\/v2\/posts\/30608","targetHints":{"allow":["GET"]}}],"collection":[{"href":"https:\/\/www.pedroandretta.info\/index\/wp-json\/wp\/v2\/posts"}],"about":[{"href":"https:\/\/www.pedroandretta.info\/index\/wp-json\/wp\/v2\/types\/post"}],"author":[{"embeddable":true,"href":"https:\/\/www.pedroandretta.info\/index\/wp-json\/wp\/v2\/users\/1"}],"replies":[{"embeddable":true,"href":"https:\/\/www.pedroandretta.info\/index\/wp-json\/wp\/v2\/comments?post=30608"}],"version-history":[{"count":0,"href":"https:\/\/www.pedroandretta.info\/index\/wp-json\/wp\/v2\/posts\/30608\/revisions"}],"wp:attachment":[{"href":"https:\/\/www.pedroandretta.info\/index\/wp-json\/wp\/v2\/media?parent=30608"}],"wp:term":[{"taxonomy":"category","embeddable":true,"href":"https:\/\/www.pedroandretta.info\/index\/wp-json\/wp\/v2\/categories?post=30608"},{"taxonomy":"post_tag","embeddable":true,"href":"https:\/\/www.pedroandretta.info\/index\/wp-json\/wp\/v2\/tags?post=30608"}],"curies":[{"name":"wp","href":"https:\/\/api.w.org\/{rel}","templated":true}]}}