{"id":30613,"date":"2025-06-29T13:24:39","date_gmt":"2025-06-29T17:24:39","guid":{"rendered":"https:\/\/www.pedroandretta.info\/index\/?p=30613"},"modified":"2025-05-03T13:28:08","modified_gmt":"2025-05-03T17:28:08","slug":"historia-e-memoria-da-reexistencia-xoko-narrativas-decoloniais-e-os-desafios-da-autoafirmacao-identitaria-indigena-no-tempo-presente-1978-2022-ppgci-ufal","status":"publish","type":"post","link":"https:\/\/www.pedroandretta.info\/index\/2025\/06\/historia-e-memoria-da-reexistencia-xoko-narrativas-decoloniais-e-os-desafios-da-autoafirmacao-identitaria-indigena-no-tempo-presente-1978-2022-ppgci-ufal\/","title":{"rendered":"Hist\u00f3ria e Mem\u00f3ria da (Re)exist\u00eancia Xok\u00f3: narrativas decoloniais e os desafios da autoafirma\u00e7\u00e3o identit\u00e1ria ind\u00edgena no tempo presente (1978 \u2014 2022) \/ PPGCI &#8211; UFAL"},"content":{"rendered":"\n<p><strong>Hist\u00f3ria e Mem\u00f3ria da (Re)exist\u00eancia Xok\u00f3: narrativas decoloniais e os desafios da autoafirma\u00e7\u00e3o identit\u00e1ria ind\u00edgena no tempo presente (1978 \u2014 2022) \/ PPGH &#8211; UFAL<\/strong><\/p>\n\n\n\n<p>Quanto \u00e0s fontes hist\u00f3ricas, trabalhamos nesta pesquisa com entrevistas, jornais, documentos oficiais, documentos produzidos por \u00f3rg\u00e3os de apoio \u00e0 causa ind\u00edgena e buscamos interc\u00e2mbios entre a Antropologia e a Hist\u00f3ria social e cultural, baseando-se na Teoria Decolonial (Seligmann-Silva, 2022), que, em conjunto com as outras epistemologias, consegue responder nossas quest\u00f5es, ou pelo menos chegar o mais pr\u00f3ximo poss\u00edvel delas. As narrativas ao longo desta disserta\u00e7\u00e3o demonstram tra\u00e7os da nossa realidade de luta e adaptabilidades pol\u00edticas, sociais e culturais no tempo presente enquanto ind\u00edgenas pertencentes ao povo Xok\u00f3 da Ilha de S\u00e3o Pedro\/Cai\u00e7ara, do Munic\u00edpio de Porto da Folha, no Estado de Sergipe.<\/p>\n\n\n\n<p>#PovosInd\u00edgenas #Decolonialidade<\/p>\n\n\n\n<p>Dispon\u00edvel em: <a href=\"https:\/\/www.repositorio.ufal.br\/handle\/123456789\/14951\">https:\/\/www.repositorio.ufal.br\/handle\/123456789\/14951<\/a><\/p>\n\n\n\n<figure class=\"wp-block-image size-full\"><img data-recalc-dims=\"1\" decoding=\"async\" width=\"423\" height=\"591\" src=\"https:\/\/i0.wp.com\/www.pedroandretta.info\/index\/wp-content\/uploads\/2025\/05\/image-17.png?resize=423%2C591&#038;ssl=1\" alt=\"\" class=\"wp-image-30614\" srcset=\"https:\/\/i0.wp.com\/www.pedroandretta.info\/index\/wp-content\/uploads\/2025\/05\/image-17.png?w=423&amp;ssl=1 423w, https:\/\/i0.wp.com\/www.pedroandretta.info\/index\/wp-content\/uploads\/2025\/05\/image-17.png?resize=215%2C300&amp;ssl=1 215w\" sizes=\"(max-width: 423px) 100vw, 423px\" \/><\/figure>\n","protected":false},"excerpt":{"rendered":"<p>Hist\u00f3ria e Mem\u00f3ria da (Re)exist\u00eancia Xok\u00f3: narrativas decoloniais e os desafios da autoafirma\u00e7\u00e3o identit\u00e1ria ind\u00edgena no tempo presente (1978 \u2014 2022) \/ PPGH &#8211; UFAL Quanto \u00e0s fontes hist\u00f3ricas, trabalhamos nesta pesquisa com entrevistas, jornais, documentos oficiais, documentos produzidos por \u00f3rg\u00e3os de apoio \u00e0 causa ind\u00edgena e buscamos interc\u00e2mbios entre a Antropologia e a Hist\u00f3ria<\/p><\/div>\n<div class=\"blog-btn\"><a href=\"https:\/\/www.pedroandretta.info\/index\/2025\/06\/historia-e-memoria-da-reexistencia-xoko-narrativas-decoloniais-e-os-desafios-da-autoafirmacao-identitaria-indigena-no-tempo-presente-1978-2022-ppgci-ufal\/\" class=\"home-blog-btn\">Ler mais<\/a><\/p>\n","protected":false},"author":1,"featured_media":0,"comment_status":"open","ping_status":"open","sticky":false,"template":"","format":"standard","meta":{"_jetpack_memberships_contains_paid_content":false,"footnotes":"","jetpack_publicize_message":"","jetpack_publicize_feature_enabled":true,"jetpack_social_post_already_shared":true,"jetpack_social_options":{"image_generator_settings":{"template":"highway","default_image_id":0,"font":"","enabled":false},"version":2}},"categories":[21],"tags":[2322,2700],"class_list":["post-30613","post","type-post","status-publish","format-standard","hentry","category-informeci","tag-decolonialidade","tag-povosindigenas"],"jetpack_publicize_connections":[],"jetpack_featured_media_url":"","views":"","jetpack_sharing_enabled":true,"_links":{"self":[{"href":"https:\/\/www.pedroandretta.info\/index\/wp-json\/wp\/v2\/posts\/30613","targetHints":{"allow":["GET"]}}],"collection":[{"href":"https:\/\/www.pedroandretta.info\/index\/wp-json\/wp\/v2\/posts"}],"about":[{"href":"https:\/\/www.pedroandretta.info\/index\/wp-json\/wp\/v2\/types\/post"}],"author":[{"embeddable":true,"href":"https:\/\/www.pedroandretta.info\/index\/wp-json\/wp\/v2\/users\/1"}],"replies":[{"embeddable":true,"href":"https:\/\/www.pedroandretta.info\/index\/wp-json\/wp\/v2\/comments?post=30613"}],"version-history":[{"count":0,"href":"https:\/\/www.pedroandretta.info\/index\/wp-json\/wp\/v2\/posts\/30613\/revisions"}],"wp:attachment":[{"href":"https:\/\/www.pedroandretta.info\/index\/wp-json\/wp\/v2\/media?parent=30613"}],"wp:term":[{"taxonomy":"category","embeddable":true,"href":"https:\/\/www.pedroandretta.info\/index\/wp-json\/wp\/v2\/categories?post=30613"},{"taxonomy":"post_tag","embeddable":true,"href":"https:\/\/www.pedroandretta.info\/index\/wp-json\/wp\/v2\/tags?post=30613"}],"curies":[{"name":"wp","href":"https:\/\/api.w.org\/{rel}","templated":true}]}}