{"id":30624,"date":"2025-05-03T14:16:40","date_gmt":"2025-05-03T18:16:40","guid":{"rendered":"https:\/\/www.pedroandretta.info\/index\/?p=30624"},"modified":"2025-05-03T14:16:44","modified_gmt":"2025-05-03T18:16:44","slug":"bem-estar-no-ambiente-de-trabalho-das-bibliotecas-bobbi-newman","status":"publish","type":"post","link":"https:\/\/www.pedroandretta.info\/index\/2025\/05\/bem-estar-no-ambiente-de-trabalho-das-bibliotecas-bobbi-newman\/","title":{"rendered":"Bem-estar no ambiente de trabalho das bibliotecas \/ Bobbi Newman"},"content":{"rendered":"\n<p><strong>Bem-estar no ambiente de trabalho das bibliotecas<\/strong><\/p>\n\n\n\n<p>Aos bibliotec\u00e1rios e funcion\u00e1rios de bibliotecas, muitos dos quais tamb\u00e9m s\u00e3o gestores, que enfrentam o duplo desafio de lidar com o esgotamento, o temor profissional e a inseguran\u00e7a psicol\u00f3gica, ao mesmo tempo em que lideram e apoiam suas equipes. Este livro registra seus pap\u00e9is complexos e o peso que voc\u00ea carrega. Seus esfor\u00e7os para criar ambientes de trabalho mais saud\u00e1veis \u200b\u200be acolhedores, mesmo em meio a barreiras sist\u00eamicas, s\u00e3o corajosos e louv\u00e1veis.<\/p>\n\n\n\n<p>#Trabalho #Bibliotecas #BemEstar<\/p>\n\n\n\n<p>Dispon\u00edvel em: <a href=\"https:\/\/librarianbyday.net\/2025\/04\/15\/well-being-in-the-library-workplace-a-handbook-for-managers-is-in-stock\/\">https:\/\/librarianbyday.net\/2025\/04\/15\/well-being-in-the-library-workplace-a-handbook-for-managers-is-in-stock\/<\/a><\/p>\n\n\n\n<figure class=\"wp-block-image size-full\"><img data-recalc-dims=\"1\" decoding=\"async\" width=\"275\" height=\"413\" src=\"https:\/\/i0.wp.com\/www.pedroandretta.info\/index\/wp-content\/uploads\/2025\/05\/9798892552943.png?resize=275%2C413&#038;ssl=1\" alt=\"\" class=\"wp-image-30625\" srcset=\"https:\/\/i0.wp.com\/www.pedroandretta.info\/index\/wp-content\/uploads\/2025\/05\/9798892552943.png?w=275&amp;ssl=1 275w, https:\/\/i0.wp.com\/www.pedroandretta.info\/index\/wp-content\/uploads\/2025\/05\/9798892552943.png?resize=200%2C300&amp;ssl=1 200w\" sizes=\"(max-width: 275px) 100vw, 275px\" \/><\/figure>\n","protected":false},"excerpt":{"rendered":"<p>Bem-estar no ambiente de trabalho das bibliotecas Aos bibliotec\u00e1rios e funcion\u00e1rios de bibliotecas, muitos dos quais tamb\u00e9m s\u00e3o gestores, que enfrentam o duplo desafio de lidar com o esgotamento, o temor profissional e a inseguran\u00e7a psicol\u00f3gica, ao mesmo tempo em que lideram e apoiam suas equipes. Este livro registra seus pap\u00e9is complexos e o peso<\/p><\/div>\n<div class=\"blog-btn\"><a href=\"https:\/\/www.pedroandretta.info\/index\/2025\/05\/bem-estar-no-ambiente-de-trabalho-das-bibliotecas-bobbi-newman\/\" class=\"home-blog-btn\">Ler mais<\/a><\/p>\n","protected":false},"author":1,"featured_media":0,"comment_status":"open","ping_status":"open","sticky":false,"template":"","format":"standard","meta":{"_jetpack_newsletter_access":"","_jetpack_dont_email_post_to_subs":false,"_jetpack_newsletter_tier_id":0,"_jetpack_memberships_contains_paywalled_content":false,"_jetpack_feature_clip_id":0,"_jetpack_memberships_contains_paid_content":false,"footnotes":"","jetpack_publicize_message":"","jetpack_publicize_feature_enabled":true,"jetpack_social_post_already_shared":true,"jetpack_social_options":{"image_generator_settings":{"template":"highway","default_image_id":0,"font":"","enabled":false},"version":2},"jetpack_post_was_ever_published":false},"categories":[21],"tags":[891,38,176],"class_list":["post-30624","post","type-post","status-publish","format-standard","hentry","category-informeci","tag-bemestar","tag-bibliotecas","tag-trabalho"],"jetpack_publicize_connections":[],"jetpack_featured_media_url":"","views":"","jetpack_sharing_enabled":true,"_links":{"self":[{"href":"https:\/\/www.pedroandretta.info\/index\/wp-json\/wp\/v2\/posts\/30624","targetHints":{"allow":["GET"]}}],"collection":[{"href":"https:\/\/www.pedroandretta.info\/index\/wp-json\/wp\/v2\/posts"}],"about":[{"href":"https:\/\/www.pedroandretta.info\/index\/wp-json\/wp\/v2\/types\/post"}],"author":[{"embeddable":true,"href":"https:\/\/www.pedroandretta.info\/index\/wp-json\/wp\/v2\/users\/1"}],"replies":[{"embeddable":true,"href":"https:\/\/www.pedroandretta.info\/index\/wp-json\/wp\/v2\/comments?post=30624"}],"version-history":[{"count":0,"href":"https:\/\/www.pedroandretta.info\/index\/wp-json\/wp\/v2\/posts\/30624\/revisions"}],"wp:attachment":[{"href":"https:\/\/www.pedroandretta.info\/index\/wp-json\/wp\/v2\/media?parent=30624"}],"wp:term":[{"taxonomy":"category","embeddable":true,"href":"https:\/\/www.pedroandretta.info\/index\/wp-json\/wp\/v2\/categories?post=30624"},{"taxonomy":"post_tag","embeddable":true,"href":"https:\/\/www.pedroandretta.info\/index\/wp-json\/wp\/v2\/tags?post=30624"}],"curies":[{"name":"wp","href":"https:\/\/api.w.org\/{rel}","templated":true}]}}