{"id":30637,"date":"2025-05-04T21:27:29","date_gmt":"2025-05-05T01:27:29","guid":{"rendered":"https:\/\/www.pedroandretta.info\/index\/?p=30637"},"modified":"2025-05-04T21:27:33","modified_gmt":"2025-05-05T01:27:33","slug":"universidade-deve-ter-clareza-de-sua-missao-questao-de-ciencia","status":"publish","type":"post","link":"https:\/\/www.pedroandretta.info\/index\/2025\/05\/universidade-deve-ter-clareza-de-sua-missao-questao-de-ciencia\/","title":{"rendered":"Universidade deve ter clareza de sua miss\u00e3o \/ Quest\u00e3o de Ci\u00eancia"},"content":{"rendered":"\n<p><strong>Universidade deve ter clareza de sua miss\u00e3o<\/strong><\/p>\n\n\n\n<p>No m\u00eas passado, o conselho universit\u00e1rio da Unicamp aprovou por unanimidade a ado\u00e7\u00e3o de cotas, na modalidade Enem, para ingresso de pessoas que se autodeclaram trans, travestis ou n\u00e3o bin\u00e1rias. A USP, em maio de 2022, criou a Pr\u00f3-Reitoria de Inclus\u00e3o e Pertencimento, e a Unesp deu in\u00edcio \u00e0 implanta\u00e7\u00e3o da Pr\u00f3-Reitoria de A\u00e7\u00f5es Afirmativas, Diversidade e Equidade. As iniciativas das tr\u00eas universidades estaduais paulistas mostram que, al\u00e9m da indissociabilidade entre ensino, pesquisa e extens\u00e3o \u2013 princ\u00edpio estabelecido na Constitui\u00e7\u00e3o de 1988 \u2013, a Academia est\u00e1 incluindo explicitamente a justi\u00e7a social como uma de suas atividades-fim.<\/p>\n\n\n\n<p>#UniversidadesP\u00fablicas #Justi\u00e7aSocial<\/p>\n\n\n\n<p>via Quest\u00e3o de Ci\u00eancia<\/p>\n\n\n\n<p>Dispon\u00edvel em: <a href=\"https:\/\/www.revistaquestaodeciencia.com.br\/artigo\/2025\/05\/02\/universidade-deve-ter-clareza-de-sua-missao\">https:\/\/www.revistaquestaodeciencia.com.br\/artigo\/2025\/05\/02\/universidade-deve-ter-clareza-de-sua-missao<\/a><\/p>\n","protected":false},"excerpt":{"rendered":"<p>Universidade deve ter clareza de sua miss\u00e3o No m\u00eas passado, o conselho universit\u00e1rio da Unicamp aprovou por unanimidade a ado\u00e7\u00e3o de cotas, na modalidade Enem, para ingresso de pessoas que se autodeclaram trans, travestis ou n\u00e3o bin\u00e1rias. A USP, em maio de 2022, criou a Pr\u00f3-Reitoria de Inclus\u00e3o e Pertencimento, e a Unesp deu in\u00edcio<\/p><\/div>\n<div class=\"blog-btn\"><a href=\"https:\/\/www.pedroandretta.info\/index\/2025\/05\/universidade-deve-ter-clareza-de-sua-missao-questao-de-ciencia\/\" class=\"home-blog-btn\">Ler mais<\/a><\/p>\n","protected":false},"author":1,"featured_media":0,"comment_status":"open","ping_status":"open","sticky":false,"template":"","format":"standard","meta":{"_jetpack_newsletter_access":"","_jetpack_dont_email_post_to_subs":false,"_jetpack_newsletter_tier_id":0,"_jetpack_memberships_contains_paywalled_content":false,"_jetpack_feature_clip_id":0,"_jetpack_memberships_contains_paid_content":false,"footnotes":"","jetpack_publicize_message":"","jetpack_publicize_feature_enabled":true,"jetpack_social_post_already_shared":true,"jetpack_social_options":{"image_generator_settings":{"template":"highway","default_image_id":0,"font":"","enabled":false},"version":2},"jetpack_post_was_ever_published":false},"categories":[21],"tags":[1004,819],"class_list":["post-30637","post","type-post","status-publish","format-standard","hentry","category-informeci","tag-justicasocial","tag-universidadespublicas"],"jetpack_publicize_connections":[],"jetpack_featured_media_url":"","views":"","jetpack_sharing_enabled":true,"_links":{"self":[{"href":"https:\/\/www.pedroandretta.info\/index\/wp-json\/wp\/v2\/posts\/30637","targetHints":{"allow":["GET"]}}],"collection":[{"href":"https:\/\/www.pedroandretta.info\/index\/wp-json\/wp\/v2\/posts"}],"about":[{"href":"https:\/\/www.pedroandretta.info\/index\/wp-json\/wp\/v2\/types\/post"}],"author":[{"embeddable":true,"href":"https:\/\/www.pedroandretta.info\/index\/wp-json\/wp\/v2\/users\/1"}],"replies":[{"embeddable":true,"href":"https:\/\/www.pedroandretta.info\/index\/wp-json\/wp\/v2\/comments?post=30637"}],"version-history":[{"count":0,"href":"https:\/\/www.pedroandretta.info\/index\/wp-json\/wp\/v2\/posts\/30637\/revisions"}],"wp:attachment":[{"href":"https:\/\/www.pedroandretta.info\/index\/wp-json\/wp\/v2\/media?parent=30637"}],"wp:term":[{"taxonomy":"category","embeddable":true,"href":"https:\/\/www.pedroandretta.info\/index\/wp-json\/wp\/v2\/categories?post=30637"},{"taxonomy":"post_tag","embeddable":true,"href":"https:\/\/www.pedroandretta.info\/index\/wp-json\/wp\/v2\/tags?post=30637"}],"curies":[{"name":"wp","href":"https:\/\/api.w.org\/{rel}","templated":true}]}}