{"id":30757,"date":"2025-05-10T17:50:51","date_gmt":"2025-05-10T21:50:51","guid":{"rendered":"https:\/\/www.pedroandretta.info\/index\/?p=30757"},"modified":"2025-05-10T17:50:55","modified_gmt":"2025-05-10T21:50:55","slug":"a-mae-do-novo-papa-leao-xiv-era-bibliotecaria-soy-bibliotecario","status":"publish","type":"post","link":"https:\/\/www.pedroandretta.info\/index\/2025\/05\/a-mae-do-novo-papa-leao-xiv-era-bibliotecaria-soy-bibliotecario\/","title":{"rendered":"A m\u00e3e do novo Papa Le\u00e3o XIV era bibliotec\u00e1ria \/ Soy Bibliotecario"},"content":{"rendered":"\n<p><strong>A m\u00e3e do novo Papa Le\u00e3o XIV era bibliotec\u00e1ria<\/strong><\/p>\n\n\n\n<p>Em 1947, Mildred se formou na Universidade DePaul. Ele havia se formado em Biblioteconomia. Ela trabalhou como bibliotec\u00e1ria nas escolas cat\u00f3licas Von Steuben e Mendel, na \u00e1rea de Chicago. Al\u00e9m de sua carreira profissional, ela foi presidente da St. Mary Altar and Rosary Society e do Mendel Catholic High School Mothers&#8217; Club. Ele tamb\u00e9m era ativo no coral da Igreja de Santa Maria.<\/p>\n\n\n\n<p>#Papa #Bibliotec\u00e1rias<\/p>\n\n\n\n<p>via Soy Bibliotecario<\/p>\n\n\n\n<p>Dispon\u00edvel em: <a href=\"https:\/\/soybibliotecario.blogspot.com\/2025\/05\/la-madre-del-nuevo-papa-leon-xiv-era.html\">https:\/\/soybibliotecario.blogspot.com\/2025\/05\/la-madre-del-nuevo-papa-leon-xiv-era.html<\/a><\/p>\n\n\n\n<figure class=\"wp-block-image size-large\"><img data-recalc-dims=\"1\" decoding=\"async\" width=\"600\" height=\"291\" src=\"https:\/\/i0.wp.com\/www.pedroandretta.info\/index\/wp-content\/uploads\/2025\/05\/image-44.png?resize=600%2C291&#038;ssl=1\" alt=\"\" class=\"wp-image-30758\" srcset=\"https:\/\/i0.wp.com\/www.pedroandretta.info\/index\/wp-content\/uploads\/2025\/05\/image-44.png?resize=600%2C291&amp;ssl=1 600w, https:\/\/i0.wp.com\/www.pedroandretta.info\/index\/wp-content\/uploads\/2025\/05\/image-44.png?resize=300%2C146&amp;ssl=1 300w, https:\/\/i0.wp.com\/www.pedroandretta.info\/index\/wp-content\/uploads\/2025\/05\/image-44.png?w=608&amp;ssl=1 608w\" sizes=\"(max-width: 600px) 100vw, 600px\" \/><\/figure>\n","protected":false},"excerpt":{"rendered":"<p>A m\u00e3e do novo Papa Le\u00e3o XIV era bibliotec\u00e1ria Em 1947, Mildred se formou na Universidade DePaul. Ele havia se formado em Biblioteconomia. Ela trabalhou como bibliotec\u00e1ria nas escolas cat\u00f3licas Von Steuben e Mendel, na \u00e1rea de Chicago. Al\u00e9m de sua carreira profissional, ela foi presidente da St. Mary Altar and Rosary Society e do<\/p><\/div>\n<div class=\"blog-btn\"><a href=\"https:\/\/www.pedroandretta.info\/index\/2025\/05\/a-mae-do-novo-papa-leao-xiv-era-bibliotecaria-soy-bibliotecario\/\" class=\"home-blog-btn\">Ler mais<\/a><\/p>\n","protected":false},"author":1,"featured_media":0,"comment_status":"open","ping_status":"open","sticky":false,"template":"","format":"standard","meta":{"_jetpack_newsletter_access":"","_jetpack_dont_email_post_to_subs":false,"_jetpack_newsletter_tier_id":0,"_jetpack_memberships_contains_paywalled_content":false,"_jetpack_feature_clip_id":0,"_jetpack_memberships_contains_paid_content":false,"footnotes":"","jetpack_publicize_message":"","jetpack_publicize_feature_enabled":true,"jetpack_social_post_already_shared":true,"jetpack_social_options":{"image_generator_settings":{"template":"highway","default_image_id":0,"font":"","enabled":false},"version":2},"jetpack_post_was_ever_published":false},"categories":[21],"tags":[541,3798],"class_list":["post-30757","post","type-post","status-publish","format-standard","hentry","category-informeci","tag-bibliotecarias","tag-papa"],"jetpack_publicize_connections":[],"jetpack_featured_media_url":"","views":"","jetpack_sharing_enabled":true,"_links":{"self":[{"href":"https:\/\/www.pedroandretta.info\/index\/wp-json\/wp\/v2\/posts\/30757","targetHints":{"allow":["GET"]}}],"collection":[{"href":"https:\/\/www.pedroandretta.info\/index\/wp-json\/wp\/v2\/posts"}],"about":[{"href":"https:\/\/www.pedroandretta.info\/index\/wp-json\/wp\/v2\/types\/post"}],"author":[{"embeddable":true,"href":"https:\/\/www.pedroandretta.info\/index\/wp-json\/wp\/v2\/users\/1"}],"replies":[{"embeddable":true,"href":"https:\/\/www.pedroandretta.info\/index\/wp-json\/wp\/v2\/comments?post=30757"}],"version-history":[{"count":0,"href":"https:\/\/www.pedroandretta.info\/index\/wp-json\/wp\/v2\/posts\/30757\/revisions"}],"wp:attachment":[{"href":"https:\/\/www.pedroandretta.info\/index\/wp-json\/wp\/v2\/media?parent=30757"}],"wp:term":[{"taxonomy":"category","embeddable":true,"href":"https:\/\/www.pedroandretta.info\/index\/wp-json\/wp\/v2\/categories?post=30757"},{"taxonomy":"post_tag","embeddable":true,"href":"https:\/\/www.pedroandretta.info\/index\/wp-json\/wp\/v2\/tags?post=30757"}],"curies":[{"name":"wp","href":"https:\/\/api.w.org\/{rel}","templated":true}]}}