{"id":30824,"date":"2025-05-14T15:04:03","date_gmt":"2025-05-14T19:04:03","guid":{"rendered":"https:\/\/www.pedroandretta.info\/index\/?p=30824"},"modified":"2025-05-14T15:04:07","modified_gmt":"2025-05-14T19:04:07","slug":"implorando-para-ser-ouvido-a-exclusao-profissional-e-a-marginalizacao-de-bibliotecarios-neurodivergentes-university-of-washington","status":"publish","type":"post","link":"https:\/\/www.pedroandretta.info\/index\/2025\/05\/implorando-para-ser-ouvido-a-exclusao-profissional-e-a-marginalizacao-de-bibliotecarios-neurodivergentes-university-of-washington\/","title":{"rendered":"&#8220;Implorando para ser ouvido&#8221;: A exclus\u00e3o profissional e a marginaliza\u00e7\u00e3o de bibliotec\u00e1rios neurodivergentes \/ University of Washington"},"content":{"rendered":"\n<p><strong>&#8220;Implorando para ser ouvido&#8221;: A exclus\u00e3o profissional e a marginaliza\u00e7\u00e3o de bibliotec\u00e1rios neurodivergentes <\/strong><\/p>\n\n\n\n<p>Por meio de entrevistas com bibliotec\u00e1rios e supervisores neurodivergentes, entrevistas com bibliotec\u00e1rios e supervisores neurot\u00edpicos e an\u00e1lise documental de documentos profissionais orientadores, minha an\u00e1lise constatou que bibliotec\u00e1rios neurodivergentes encontram uma variedade de barreiras em seus locais de trabalho na biblioteca, desde o ambiente f\u00edsico at\u00e9 a falta de comunica\u00e7\u00e3o transparente. No entanto, este estudo tamb\u00e9m revelou que bibliotec\u00e1rios neurodivergentes empregam sua pr\u00f3pria experi\u00eancia adquirida para lidar com esses desafios e aprimorar sua experi\u00eancia no local de trabalho, enquanto supervisores neurodivergentes est\u00e3o ativamente implementando esse conhecimento de maneiras que facilitam a mudan\u00e7a organizacional. No entanto, os resultados deste estudo tamb\u00e9m indicam que o trabalho e o esfor\u00e7o despendidos por bibliotec\u00e1rios neurodivergentes para responder \u00e0 falta de acesso ao local de trabalho acarretam um custo que se soma ao fardo associado \u00e0 forte orienta\u00e7\u00e3o para o servi\u00e7o do trabalho bibliotec\u00e1rio.<\/p>\n\n\n\n<p>#Bibliotec\u00e1rios #Neurodivergentes #Atua\u00e7\u00e3oProfissional<\/p>\n\n\n\n<p>Dispon\u00edvel em: <a href=\"https:\/\/digital.lib.washington.edu\/researchworks\/items\/14a278b3-fa2d-4522-b983-ea80f705e76e\">https:\/\/digital.lib.washington.edu\/researchworks\/items\/14a278b3-fa2d-4522-b983-ea80f705e76e<\/a><\/p>\n\n\n\n<figure class=\"wp-block-image size-large\"><img data-recalc-dims=\"1\" decoding=\"async\" width=\"513\" height=\"600\" src=\"https:\/\/i0.wp.com\/www.pedroandretta.info\/index\/wp-content\/uploads\/2025\/05\/image-59.png?resize=513%2C600&#038;ssl=1\" alt=\"\" class=\"wp-image-30825\" srcset=\"https:\/\/i0.wp.com\/www.pedroandretta.info\/index\/wp-content\/uploads\/2025\/05\/image-59.png?resize=513%2C600&amp;ssl=1 513w, https:\/\/i0.wp.com\/www.pedroandretta.info\/index\/wp-content\/uploads\/2025\/05\/image-59.png?resize=257%2C300&amp;ssl=1 257w, https:\/\/i0.wp.com\/www.pedroandretta.info\/index\/wp-content\/uploads\/2025\/05\/image-59.png?w=562&amp;ssl=1 562w\" sizes=\"(max-width: 513px) 100vw, 513px\" \/><\/figure>\n","protected":false},"excerpt":{"rendered":"<p>&#8220;Implorando para ser ouvido&#8221;: A exclus\u00e3o profissional e a marginaliza\u00e7\u00e3o de bibliotec\u00e1rios neurodivergentes Por meio de entrevistas com bibliotec\u00e1rios e supervisores neurodivergentes, entrevistas com bibliotec\u00e1rios e supervisores neurot\u00edpicos e an\u00e1lise documental de documentos profissionais orientadores, minha an\u00e1lise constatou que bibliotec\u00e1rios neurodivergentes encontram uma variedade de barreiras em seus locais de trabalho na biblioteca, desde o<\/p><\/div>\n<div class=\"blog-btn\"><a href=\"https:\/\/www.pedroandretta.info\/index\/2025\/05\/implorando-para-ser-ouvido-a-exclusao-profissional-e-a-marginalizacao-de-bibliotecarios-neurodivergentes-university-of-washington\/\" class=\"home-blog-btn\">Ler mais<\/a><\/p>\n","protected":false},"author":1,"featured_media":0,"comment_status":"open","ping_status":"open","sticky":false,"template":"","format":"standard","meta":{"_jetpack_memberships_contains_paid_content":false,"footnotes":"","jetpack_publicize_message":"","jetpack_publicize_feature_enabled":true,"jetpack_social_post_already_shared":true,"jetpack_social_options":{"image_generator_settings":{"template":"highway","default_image_id":0,"font":"","enabled":false},"version":2}},"categories":[21],"tags":[1702,22,3259],"class_list":["post-30824","post","type-post","status-publish","format-standard","hentry","category-informeci","tag-atuacaoprofissional","tag-bibliotecarios","tag-neurodivergentes"],"jetpack_publicize_connections":[],"jetpack_featured_media_url":"","views":"","jetpack_sharing_enabled":true,"_links":{"self":[{"href":"https:\/\/www.pedroandretta.info\/index\/wp-json\/wp\/v2\/posts\/30824","targetHints":{"allow":["GET"]}}],"collection":[{"href":"https:\/\/www.pedroandretta.info\/index\/wp-json\/wp\/v2\/posts"}],"about":[{"href":"https:\/\/www.pedroandretta.info\/index\/wp-json\/wp\/v2\/types\/post"}],"author":[{"embeddable":true,"href":"https:\/\/www.pedroandretta.info\/index\/wp-json\/wp\/v2\/users\/1"}],"replies":[{"embeddable":true,"href":"https:\/\/www.pedroandretta.info\/index\/wp-json\/wp\/v2\/comments?post=30824"}],"version-history":[{"count":0,"href":"https:\/\/www.pedroandretta.info\/index\/wp-json\/wp\/v2\/posts\/30824\/revisions"}],"wp:attachment":[{"href":"https:\/\/www.pedroandretta.info\/index\/wp-json\/wp\/v2\/media?parent=30824"}],"wp:term":[{"taxonomy":"category","embeddable":true,"href":"https:\/\/www.pedroandretta.info\/index\/wp-json\/wp\/v2\/categories?post=30824"},{"taxonomy":"post_tag","embeddable":true,"href":"https:\/\/www.pedroandretta.info\/index\/wp-json\/wp\/v2\/tags?post=30824"}],"curies":[{"name":"wp","href":"https:\/\/api.w.org\/{rel}","templated":true}]}}