{"id":30859,"date":"2025-05-16T18:29:03","date_gmt":"2025-05-16T22:29:03","guid":{"rendered":"https:\/\/www.pedroandretta.info\/index\/?p=30859"},"modified":"2025-05-15T18:31:42","modified_gmt":"2025-05-15T22:31:42","slug":"decreto-federal-impoe-serias-limitacoes-a-execucao-orcamentaria-nas-universidades-ufmg","status":"publish","type":"post","link":"https:\/\/www.pedroandretta.info\/index\/2025\/05\/decreto-federal-impoe-serias-limitacoes-a-execucao-orcamentaria-nas-universidades-ufmg\/","title":{"rendered":"Decreto federal imp\u00f5e s\u00e9rias limita\u00e7\u00f5es \u00e0 execu\u00e7\u00e3o or\u00e7ament\u00e1ria nas universidades \/ UFMG"},"content":{"rendered":"\n<p><strong>Decreto federal imp\u00f5e s\u00e9rias limita\u00e7\u00f5es \u00e0 execu\u00e7\u00e3o or\u00e7ament\u00e1ria nas universidades<\/strong><\/p>\n\n\n\n<p>Conforme informou a reitora Sandra Goulart Almeida,\u00a0o dispositivo\u00a0estabelece que a libera\u00e7\u00e3o dos recursos em 2025 se dar\u00e1 em tr\u00eas etapas: at\u00e9 maio, de junho a novembro e em dezembro. Com a m\u00e9dia de repasses de 1\/18 avos por m\u00eas at\u00e9 novembro, a execu\u00e7\u00e3o or\u00e7ament\u00e1ria das universidades federais est\u00e1 se tornando insustent\u00e1vel, na avalia\u00e7\u00e3o dos dirigentes das universidades.<\/p>\n\n\n\n<p>#UniversidadesP\u00fablicas<\/p>\n\n\n\n<p>via UFMG<\/p>\n\n\n\n<p>Dispon\u00edvel em: <a href=\"https:\/\/ufmg.br\/comunicacao\/noticias\/decreto-federal-impoe-serias-limitacoes-a-execucao-orcamentaria-nas-universidades\">https:\/\/ufmg.br\/comunicacao\/noticias\/decreto-federal-impoe-serias-limitacoes-a-execucao-orcamentaria-nas-universidades<\/a><\/p>\n\n\n\n<figure class=\"wp-block-image size-large\"><img data-recalc-dims=\"1\" decoding=\"async\" width=\"600\" height=\"339\" src=\"https:\/\/i0.wp.com\/www.pedroandretta.info\/index\/wp-content\/uploads\/2025\/05\/image-68.png?resize=600%2C339&#038;ssl=1\" alt=\"\" class=\"wp-image-30860\" srcset=\"https:\/\/i0.wp.com\/www.pedroandretta.info\/index\/wp-content\/uploads\/2025\/05\/image-68.png?resize=600%2C339&amp;ssl=1 600w, https:\/\/i0.wp.com\/www.pedroandretta.info\/index\/wp-content\/uploads\/2025\/05\/image-68.png?resize=300%2C170&amp;ssl=1 300w, https:\/\/i0.wp.com\/www.pedroandretta.info\/index\/wp-content\/uploads\/2025\/05\/image-68.png?w=715&amp;ssl=1 715w\" sizes=\"(max-width: 600px) 100vw, 600px\" \/><\/figure>\n","protected":false},"excerpt":{"rendered":"<p>Decreto federal imp\u00f5e s\u00e9rias limita\u00e7\u00f5es \u00e0 execu\u00e7\u00e3o or\u00e7ament\u00e1ria nas universidades Conforme informou a reitora Sandra Goulart Almeida,\u00a0o dispositivo\u00a0estabelece que a libera\u00e7\u00e3o dos recursos em 2025 se dar\u00e1 em tr\u00eas etapas: at\u00e9 maio, de junho a novembro e em dezembro. Com a m\u00e9dia de repasses de 1\/18 avos por m\u00eas at\u00e9 novembro, a execu\u00e7\u00e3o or\u00e7ament\u00e1ria das<\/p><\/div>\n<div class=\"blog-btn\"><a href=\"https:\/\/www.pedroandretta.info\/index\/2025\/05\/decreto-federal-impoe-serias-limitacoes-a-execucao-orcamentaria-nas-universidades-ufmg\/\" class=\"home-blog-btn\">Ler mais<\/a><\/p>\n","protected":false},"author":1,"featured_media":0,"comment_status":"open","ping_status":"open","sticky":false,"template":"","format":"standard","meta":{"_jetpack_memberships_contains_paid_content":false,"footnotes":"","jetpack_publicize_message":"","jetpack_publicize_feature_enabled":true,"jetpack_social_post_already_shared":true,"jetpack_social_options":{"image_generator_settings":{"template":"highway","default_image_id":0,"font":"","enabled":false},"version":2}},"categories":[21],"tags":[819],"class_list":["post-30859","post","type-post","status-publish","format-standard","hentry","category-informeci","tag-universidadespublicas"],"jetpack_publicize_connections":[],"jetpack_featured_media_url":"","views":"","jetpack_sharing_enabled":true,"_links":{"self":[{"href":"https:\/\/www.pedroandretta.info\/index\/wp-json\/wp\/v2\/posts\/30859","targetHints":{"allow":["GET"]}}],"collection":[{"href":"https:\/\/www.pedroandretta.info\/index\/wp-json\/wp\/v2\/posts"}],"about":[{"href":"https:\/\/www.pedroandretta.info\/index\/wp-json\/wp\/v2\/types\/post"}],"author":[{"embeddable":true,"href":"https:\/\/www.pedroandretta.info\/index\/wp-json\/wp\/v2\/users\/1"}],"replies":[{"embeddable":true,"href":"https:\/\/www.pedroandretta.info\/index\/wp-json\/wp\/v2\/comments?post=30859"}],"version-history":[{"count":0,"href":"https:\/\/www.pedroandretta.info\/index\/wp-json\/wp\/v2\/posts\/30859\/revisions"}],"wp:attachment":[{"href":"https:\/\/www.pedroandretta.info\/index\/wp-json\/wp\/v2\/media?parent=30859"}],"wp:term":[{"taxonomy":"category","embeddable":true,"href":"https:\/\/www.pedroandretta.info\/index\/wp-json\/wp\/v2\/categories?post=30859"},{"taxonomy":"post_tag","embeddable":true,"href":"https:\/\/www.pedroandretta.info\/index\/wp-json\/wp\/v2\/tags?post=30859"}],"curies":[{"name":"wp","href":"https:\/\/api.w.org\/{rel}","templated":true}]}}