{"id":30865,"date":"2025-05-16T18:36:29","date_gmt":"2025-05-16T22:36:29","guid":{"rendered":"https:\/\/www.pedroandretta.info\/index\/?p=30865"},"modified":"2025-05-15T18:39:41","modified_gmt":"2025-05-15T22:39:41","slug":"uma-semana-tumultuada-na-biblioteca-do-congresso-the-scholarly-kitchen","status":"publish","type":"post","link":"https:\/\/www.pedroandretta.info\/index\/2025\/05\/uma-semana-tumultuada-na-biblioteca-do-congresso-the-scholarly-kitchen\/","title":{"rendered":"Uma semana tumultuada na Biblioteca do Congresso \/ The Scholarly Kitchen"},"content":{"rendered":"\n<p><strong>Uma semana tumultuada na Biblioteca do Congresso<\/strong><\/p>\n\n\n\n<p>A \u00faltima semana testemunhou mudan\u00e7as not\u00e1veis na lideran\u00e7a s\u00eanior de uma das bibliotecas de pesquisa mais respeitadas do mundo: a Biblioteca do Congresso. Na \u00faltima quinta-feira, foi anunciado que a Casa Branca demitiu a bibliotec\u00e1ria do Congresso, Dra. Carla Hayden. Pouco depois, no s\u00e1bado, foi informado que Shira Perlmutter tamb\u00e9m havia sido removida de sua fun\u00e7\u00e3o como registradora de Direitos Autorais. A posi\u00e7\u00e3o de bibliotec\u00e1ria do Congresso tem sido, h\u00e1 muito tempo, uma fun\u00e7\u00e3o de influ\u00eancia, mas geralmente n\u00e3o envolve contenciosos ou controv\u00e9rsias significativas, exceto por algumas quest\u00f5es pol\u00edticas importantes em torno dos direitos autorais. Esse cen\u00e1rio foi alterado na semana passada por essa s\u00e9rie de a\u00e7\u00f5es do governo Trump.<\/p>\n\n\n\n<p>#LibraryOfCongress #DireitosAutorais #GovernoTrump<\/p>\n\n\n\n<p>via The Scholarly Kitchen<\/p>\n\n\n\n<p>Dispon\u00edvel em: <a href=\"https:\/\/scholarlykitchen.sspnet.org\/2025\/05\/15\/a-tumultuous-week-at-the-library-of-congress\/\">https:\/\/scholarlykitchen.sspnet.org\/2025\/05\/15\/a-tumultuous-week-at-the-library-of-congress\/<\/a><\/p>\n","protected":false},"excerpt":{"rendered":"<p>Uma semana tumultuada na Biblioteca do Congresso A \u00faltima semana testemunhou mudan\u00e7as not\u00e1veis na lideran\u00e7a s\u00eanior de uma das bibliotecas de pesquisa mais respeitadas do mundo: a Biblioteca do Congresso. Na \u00faltima quinta-feira, foi anunciado que a Casa Branca demitiu a bibliotec\u00e1ria do Congresso, Dra. Carla Hayden. Pouco depois, no s\u00e1bado, foi informado que Shira<\/p><\/div>\n<div class=\"blog-btn\"><a href=\"https:\/\/www.pedroandretta.info\/index\/2025\/05\/uma-semana-tumultuada-na-biblioteca-do-congresso-the-scholarly-kitchen\/\" class=\"home-blog-btn\">Ler mais<\/a><\/p>\n","protected":false},"author":1,"featured_media":0,"comment_status":"open","ping_status":"open","sticky":false,"template":"","format":"standard","meta":{"_jetpack_memberships_contains_paid_content":false,"footnotes":"","jetpack_publicize_message":"","jetpack_publicize_feature_enabled":true,"jetpack_social_post_already_shared":true,"jetpack_social_options":{"image_generator_settings":{"template":"highway","default_image_id":0,"font":"","enabled":false},"version":2}},"categories":[21],"tags":[301,3837,3037],"class_list":["post-30865","post","type-post","status-publish","format-standard","hentry","category-informeci","tag-direitosautorais","tag-governotrump","tag-libraryofcongress"],"jetpack_publicize_connections":[],"jetpack_featured_media_url":"","views":"","jetpack_sharing_enabled":true,"_links":{"self":[{"href":"https:\/\/www.pedroandretta.info\/index\/wp-json\/wp\/v2\/posts\/30865","targetHints":{"allow":["GET"]}}],"collection":[{"href":"https:\/\/www.pedroandretta.info\/index\/wp-json\/wp\/v2\/posts"}],"about":[{"href":"https:\/\/www.pedroandretta.info\/index\/wp-json\/wp\/v2\/types\/post"}],"author":[{"embeddable":true,"href":"https:\/\/www.pedroandretta.info\/index\/wp-json\/wp\/v2\/users\/1"}],"replies":[{"embeddable":true,"href":"https:\/\/www.pedroandretta.info\/index\/wp-json\/wp\/v2\/comments?post=30865"}],"version-history":[{"count":0,"href":"https:\/\/www.pedroandretta.info\/index\/wp-json\/wp\/v2\/posts\/30865\/revisions"}],"wp:attachment":[{"href":"https:\/\/www.pedroandretta.info\/index\/wp-json\/wp\/v2\/media?parent=30865"}],"wp:term":[{"taxonomy":"category","embeddable":true,"href":"https:\/\/www.pedroandretta.info\/index\/wp-json\/wp\/v2\/categories?post=30865"},{"taxonomy":"post_tag","embeddable":true,"href":"https:\/\/www.pedroandretta.info\/index\/wp-json\/wp\/v2\/tags?post=30865"}],"curies":[{"name":"wp","href":"https:\/\/api.w.org\/{rel}","templated":true}]}}