{"id":30879,"date":"2025-05-17T17:07:27","date_gmt":"2025-05-17T21:07:27","guid":{"rendered":"https:\/\/www.pedroandretta.info\/index\/?p=30879"},"modified":"2025-05-17T17:07:31","modified_gmt":"2025-05-17T21:07:31","slug":"gestao-do-conhecimento-e-da-informacao-nas-instituicao-de-ensino-superior-brasileiras-acb","status":"publish","type":"post","link":"https:\/\/www.pedroandretta.info\/index\/2025\/05\/gestao-do-conhecimento-e-da-informacao-nas-instituicao-de-ensino-superior-brasileiras-acb\/","title":{"rendered":"Gest\u00e3o do conhecimento e da informa\u00e7\u00e3o nas Institui\u00e7\u00e3o de ensino superior brasileiras \/ ACB"},"content":{"rendered":"\n<p><strong>Gest\u00e3o do conhecimento e da informa\u00e7\u00e3o nas Institui\u00e7\u00e3o de ensino superior brasileiras<\/strong><\/p>\n\n\n\n<p>Constatou-se que a efetividade na gest\u00e3o do conhecimento esta diretamente relacionada com a gest\u00e3o de documentos, gest\u00e3o da informa\u00e7\u00e3o e as ferramentas para a GC destacando-se o portal corporativo como uma relevante tecnologia para suportar as pr\u00e1ticas de gest\u00e3o do conhecimento.<\/p>\n\n\n\n<p>#Gest\u00e3oDoConhecimento #Gest\u00e3oDaInforma\u00e7\u00e3o #Universidades<\/p>\n\n\n\n<p>Dispon\u00edvel em: <a href=\"https:\/\/revista.acbsc.org.br\/racb\/article\/view\/2157\">https:\/\/revista.acbsc.org.br\/racb\/article\/view\/2157<\/a><\/p>\n\n\n\n<figure class=\"wp-block-image size-large\"><img data-recalc-dims=\"1\" decoding=\"async\" width=\"432\" height=\"600\" src=\"https:\/\/i0.wp.com\/www.pedroandretta.info\/index\/wp-content\/uploads\/2025\/05\/image-72.png?resize=432%2C600&#038;ssl=1\" alt=\"\" class=\"wp-image-30880\" srcset=\"https:\/\/i0.wp.com\/www.pedroandretta.info\/index\/wp-content\/uploads\/2025\/05\/image-72.png?resize=432%2C600&amp;ssl=1 432w, https:\/\/i0.wp.com\/www.pedroandretta.info\/index\/wp-content\/uploads\/2025\/05\/image-72.png?resize=216%2C300&amp;ssl=1 216w, https:\/\/i0.wp.com\/www.pedroandretta.info\/index\/wp-content\/uploads\/2025\/05\/image-72.png?w=512&amp;ssl=1 512w\" sizes=\"(max-width: 432px) 100vw, 432px\" \/><\/figure>\n","protected":false},"excerpt":{"rendered":"<p>Gest\u00e3o do conhecimento e da informa\u00e7\u00e3o nas Institui\u00e7\u00e3o de ensino superior brasileiras Constatou-se que a efetividade na gest\u00e3o do conhecimento esta diretamente relacionada com a gest\u00e3o de documentos, gest\u00e3o da informa\u00e7\u00e3o e as ferramentas para a GC destacando-se o portal corporativo como uma relevante tecnologia para suportar as pr\u00e1ticas de gest\u00e3o do conhecimento. #Gest\u00e3oDoConhecimento #Gest\u00e3oDaInforma\u00e7\u00e3o<\/p><\/div>\n<div class=\"blog-btn\"><a href=\"https:\/\/www.pedroandretta.info\/index\/2025\/05\/gestao-do-conhecimento-e-da-informacao-nas-instituicao-de-ensino-superior-brasileiras-acb\/\" class=\"home-blog-btn\">Ler mais<\/a><\/p>\n","protected":false},"author":1,"featured_media":0,"comment_status":"open","ping_status":"open","sticky":false,"template":"","format":"standard","meta":{"_jetpack_memberships_contains_paid_content":false,"footnotes":"","jetpack_publicize_message":"","jetpack_publicize_feature_enabled":true,"jetpack_social_post_already_shared":true,"jetpack_social_options":{"image_generator_settings":{"template":"highway","default_image_id":0,"font":"","enabled":false},"version":2}},"categories":[21],"tags":[248,609,29],"class_list":["post-30879","post","type-post","status-publish","format-standard","hentry","category-informeci","tag-gestaodainformacao","tag-gestaodoconhecimento","tag-universidades"],"jetpack_publicize_connections":[],"jetpack_featured_media_url":"","views":"","jetpack_sharing_enabled":true,"_links":{"self":[{"href":"https:\/\/www.pedroandretta.info\/index\/wp-json\/wp\/v2\/posts\/30879","targetHints":{"allow":["GET"]}}],"collection":[{"href":"https:\/\/www.pedroandretta.info\/index\/wp-json\/wp\/v2\/posts"}],"about":[{"href":"https:\/\/www.pedroandretta.info\/index\/wp-json\/wp\/v2\/types\/post"}],"author":[{"embeddable":true,"href":"https:\/\/www.pedroandretta.info\/index\/wp-json\/wp\/v2\/users\/1"}],"replies":[{"embeddable":true,"href":"https:\/\/www.pedroandretta.info\/index\/wp-json\/wp\/v2\/comments?post=30879"}],"version-history":[{"count":0,"href":"https:\/\/www.pedroandretta.info\/index\/wp-json\/wp\/v2\/posts\/30879\/revisions"}],"wp:attachment":[{"href":"https:\/\/www.pedroandretta.info\/index\/wp-json\/wp\/v2\/media?parent=30879"}],"wp:term":[{"taxonomy":"category","embeddable":true,"href":"https:\/\/www.pedroandretta.info\/index\/wp-json\/wp\/v2\/categories?post=30879"},{"taxonomy":"post_tag","embeddable":true,"href":"https:\/\/www.pedroandretta.info\/index\/wp-json\/wp\/v2\/tags?post=30879"}],"curies":[{"name":"wp","href":"https:\/\/api.w.org\/{rel}","templated":true}]}}