{"id":30882,"date":"2025-05-17T17:11:14","date_gmt":"2025-05-17T21:11:14","guid":{"rendered":"https:\/\/www.pedroandretta.info\/index\/?p=30882"},"modified":"2025-05-17T17:11:18","modified_gmt":"2025-05-17T21:11:18","slug":"bibliotecas-abertas-novas-formas-de-geracao-de-conhecimento-e-participacao-cidada-item","status":"publish","type":"post","link":"https:\/\/www.pedroandretta.info\/index\/2025\/05\/bibliotecas-abertas-novas-formas-de-geracao-de-conhecimento-e-participacao-cidada-item\/","title":{"rendered":"Bibliotecas abertas: novas formas de gera\u00e7\u00e3o de conhecimento e participa\u00e7\u00e3o cidad\u00e3 \/ Item"},"content":{"rendered":"\n<p><strong>Bibliotecas abertas: novas formas de gera\u00e7\u00e3o de conhecimento e participa\u00e7\u00e3o cidad\u00e3<\/strong><\/p>\n\n\n\n<p>Neste artigo tentaremos explicar o que \u00e9 ci\u00eancia cidad\u00e3 e qual o papel que as bibliotecas p\u00fablicas podem desempenhar no apoio e desenvolvimento de projetos, e qual a relev\u00e2ncia da tarefa de alfabetiza\u00e7\u00e3o no uso das tecnologias, da media\u00e7\u00e3o dos profissionais em bibliotecas e a disponibilidade de espa\u00e7os adequados que facilitem a cocria\u00e7\u00e3o e a troca de conhecimento.<\/p>\n\n\n\n<p>#Ci\u00eanciaCidad\u00e3 #BibliotecasP\u00fablicas <\/p>\n\n\n\n<p>Dispon\u00edvel em: <a href=\"https:\/\/raco.cat\/index.php\/Item\/article\/view\/430328\">https:\/\/raco.cat\/index.php\/Item\/article\/view\/430328<\/a><\/p>\n\n\n\n<figure class=\"wp-block-image size-large\"><img data-recalc-dims=\"1\" decoding=\"async\" width=\"419\" height=\"600\" src=\"https:\/\/i0.wp.com\/www.pedroandretta.info\/index\/wp-content\/uploads\/2025\/05\/image-73.png?resize=419%2C600&#038;ssl=1\" alt=\"\" class=\"wp-image-30883\" srcset=\"https:\/\/i0.wp.com\/www.pedroandretta.info\/index\/wp-content\/uploads\/2025\/05\/image-73.png?resize=419%2C600&amp;ssl=1 419w, https:\/\/i0.wp.com\/www.pedroandretta.info\/index\/wp-content\/uploads\/2025\/05\/image-73.png?resize=209%2C300&amp;ssl=1 209w, https:\/\/i0.wp.com\/www.pedroandretta.info\/index\/wp-content\/uploads\/2025\/05\/image-73.png?w=509&amp;ssl=1 509w\" sizes=\"(max-width: 419px) 100vw, 419px\" \/><\/figure>\n","protected":false},"excerpt":{"rendered":"<p>Bibliotecas abertas: novas formas de gera\u00e7\u00e3o de conhecimento e participa\u00e7\u00e3o cidad\u00e3 Neste artigo tentaremos explicar o que \u00e9 ci\u00eancia cidad\u00e3 e qual o papel que as bibliotecas p\u00fablicas podem desempenhar no apoio e desenvolvimento de projetos, e qual a relev\u00e2ncia da tarefa de alfabetiza\u00e7\u00e3o no uso das tecnologias, da media\u00e7\u00e3o dos profissionais em bibliotecas e<\/p><\/div>\n<div class=\"blog-btn\"><a href=\"https:\/\/www.pedroandretta.info\/index\/2025\/05\/bibliotecas-abertas-novas-formas-de-geracao-de-conhecimento-e-participacao-cidada-item\/\" class=\"home-blog-btn\">Ler mais<\/a><\/p>\n","protected":false},"author":1,"featured_media":0,"comment_status":"open","ping_status":"open","sticky":false,"template":"","format":"standard","meta":{"_jetpack_memberships_contains_paid_content":false,"footnotes":"","jetpack_publicize_message":"","jetpack_publicize_feature_enabled":true,"jetpack_social_post_already_shared":true,"jetpack_social_options":{"image_generator_settings":{"template":"highway","default_image_id":0,"font":"","enabled":false},"version":2}},"categories":[21],"tags":[39,403],"class_list":["post-30882","post","type-post","status-publish","format-standard","hentry","category-informeci","tag-bibliotecaspublicas","tag-cienciacidada"],"jetpack_publicize_connections":[],"jetpack_featured_media_url":"","views":"","jetpack_sharing_enabled":true,"_links":{"self":[{"href":"https:\/\/www.pedroandretta.info\/index\/wp-json\/wp\/v2\/posts\/30882","targetHints":{"allow":["GET"]}}],"collection":[{"href":"https:\/\/www.pedroandretta.info\/index\/wp-json\/wp\/v2\/posts"}],"about":[{"href":"https:\/\/www.pedroandretta.info\/index\/wp-json\/wp\/v2\/types\/post"}],"author":[{"embeddable":true,"href":"https:\/\/www.pedroandretta.info\/index\/wp-json\/wp\/v2\/users\/1"}],"replies":[{"embeddable":true,"href":"https:\/\/www.pedroandretta.info\/index\/wp-json\/wp\/v2\/comments?post=30882"}],"version-history":[{"count":0,"href":"https:\/\/www.pedroandretta.info\/index\/wp-json\/wp\/v2\/posts\/30882\/revisions"}],"wp:attachment":[{"href":"https:\/\/www.pedroandretta.info\/index\/wp-json\/wp\/v2\/media?parent=30882"}],"wp:term":[{"taxonomy":"category","embeddable":true,"href":"https:\/\/www.pedroandretta.info\/index\/wp-json\/wp\/v2\/categories?post=30882"},{"taxonomy":"post_tag","embeddable":true,"href":"https:\/\/www.pedroandretta.info\/index\/wp-json\/wp\/v2\/tags?post=30882"}],"curies":[{"name":"wp","href":"https:\/\/api.w.org\/{rel}","templated":true}]}}