{"id":30895,"date":"2025-05-29T05:27:00","date_gmt":"2025-05-29T09:27:00","guid":{"rendered":"https:\/\/www.pedroandretta.info\/index\/?p=30895"},"modified":"2025-05-18T14:30:18","modified_gmt":"2025-05-18T18:30:18","slug":"servicos-de-informacao-local-para-migrantes-cerlac","status":"publish","type":"post","link":"https:\/\/www.pedroandretta.info\/index\/2025\/05\/servicos-de-informacao-local-para-migrantes-cerlac\/","title":{"rendered":"Servi\u00e7os de informa\u00e7\u00e3o local para migrantes \/ CERLAC"},"content":{"rendered":"\n<p><strong>Servi\u00e7os de informa\u00e7\u00e3o local para migrantes<\/strong><\/p>\n\n\n\n<p>A publica\u00e7\u00e3o destaca a import\u00e2ncia das bibliotecas como espa\u00e7os seguros e acess\u00edveis que podem oferecer servi\u00e7os de informa\u00e7\u00e3o adaptados \u00e0s necessidades dos migrantes. Ressalta-se a necessidade de conscientiza\u00e7\u00e3o, capacita\u00e7\u00e3o e desenvolvimento de estrat\u00e9gias voltadas ao atendimento dessa popula\u00e7\u00e3o. Para isso, contamos com o aconselhamento de especialistas em leitura, educa\u00e7\u00e3o, literatura e migra\u00e7\u00e3o, como Evelyn Arizpe, Fanuel D\u00edaz e Nelly Cant\u00fa.<\/p>\n\n\n\n<p>#ProdutosEServi\u00e7osDeInforma\u00e7\u00e3o<\/p>\n\n\n\n<p>via CERLAC<\/p>\n\n\n\n<p>Dispon\u00edvel em: <a href=\"https:\/\/cerlalc.org\/wp-content\/uploads\/2025\/05\/Servicios-de-Informacion-Local-MigrantesFINAL.pdf\">https:\/\/cerlalc.org\/wp-content\/uploads\/2025\/05\/Servicios-de-Informacion-Local-MigrantesFINAL.pdf<\/a><\/p>\n\n\n\n<figure class=\"wp-block-image size-large\"><img data-recalc-dims=\"1\" decoding=\"async\" width=\"425\" height=\"600\" src=\"https:\/\/i0.wp.com\/www.pedroandretta.info\/index\/wp-content\/uploads\/2025\/05\/image-76.png?resize=425%2C600&#038;ssl=1\" alt=\"\" class=\"wp-image-30896\" srcset=\"https:\/\/i0.wp.com\/www.pedroandretta.info\/index\/wp-content\/uploads\/2025\/05\/image-76.png?resize=425%2C600&amp;ssl=1 425w, https:\/\/i0.wp.com\/www.pedroandretta.info\/index\/wp-content\/uploads\/2025\/05\/image-76.png?resize=213%2C300&amp;ssl=1 213w, https:\/\/i0.wp.com\/www.pedroandretta.info\/index\/wp-content\/uploads\/2025\/05\/image-76.png?w=528&amp;ssl=1 528w\" sizes=\"(max-width: 425px) 100vw, 425px\" \/><\/figure>\n","protected":false},"excerpt":{"rendered":"<p>Servi\u00e7os de informa\u00e7\u00e3o local para migrantes A publica\u00e7\u00e3o destaca a import\u00e2ncia das bibliotecas como espa\u00e7os seguros e acess\u00edveis que podem oferecer servi\u00e7os de informa\u00e7\u00e3o adaptados \u00e0s necessidades dos migrantes. Ressalta-se a necessidade de conscientiza\u00e7\u00e3o, capacita\u00e7\u00e3o e desenvolvimento de estrat\u00e9gias voltadas ao atendimento dessa popula\u00e7\u00e3o. Para isso, contamos com o aconselhamento de especialistas em leitura, educa\u00e7\u00e3o,<\/p><\/div>\n<div class=\"blog-btn\"><a href=\"https:\/\/www.pedroandretta.info\/index\/2025\/05\/servicos-de-informacao-local-para-migrantes-cerlac\/\" class=\"home-blog-btn\">Ler mais<\/a><\/p>\n","protected":false},"author":1,"featured_media":0,"comment_status":"open","ping_status":"open","sticky":false,"template":"","format":"standard","meta":{"_jetpack_memberships_contains_paid_content":false,"footnotes":"","jetpack_publicize_message":"","jetpack_publicize_feature_enabled":true,"jetpack_social_post_already_shared":true,"jetpack_social_options":{"image_generator_settings":{"template":"highway","default_image_id":0,"font":"","enabled":false},"version":2}},"categories":[21],"tags":[1756,3817,3758],"class_list":["post-30895","post","type-post","status-publish","format-standard","hentry","category-informeci","tag-imigrantes","tag-migrantes","tag-produtoseservicosdeinformacao"],"jetpack_publicize_connections":[],"jetpack_featured_media_url":"","views":"","jetpack_sharing_enabled":true,"_links":{"self":[{"href":"https:\/\/www.pedroandretta.info\/index\/wp-json\/wp\/v2\/posts\/30895","targetHints":{"allow":["GET"]}}],"collection":[{"href":"https:\/\/www.pedroandretta.info\/index\/wp-json\/wp\/v2\/posts"}],"about":[{"href":"https:\/\/www.pedroandretta.info\/index\/wp-json\/wp\/v2\/types\/post"}],"author":[{"embeddable":true,"href":"https:\/\/www.pedroandretta.info\/index\/wp-json\/wp\/v2\/users\/1"}],"replies":[{"embeddable":true,"href":"https:\/\/www.pedroandretta.info\/index\/wp-json\/wp\/v2\/comments?post=30895"}],"version-history":[{"count":0,"href":"https:\/\/www.pedroandretta.info\/index\/wp-json\/wp\/v2\/posts\/30895\/revisions"}],"wp:attachment":[{"href":"https:\/\/www.pedroandretta.info\/index\/wp-json\/wp\/v2\/media?parent=30895"}],"wp:term":[{"taxonomy":"category","embeddable":true,"href":"https:\/\/www.pedroandretta.info\/index\/wp-json\/wp\/v2\/categories?post=30895"},{"taxonomy":"post_tag","embeddable":true,"href":"https:\/\/www.pedroandretta.info\/index\/wp-json\/wp\/v2\/tags?post=30895"}],"curies":[{"name":"wp","href":"https:\/\/api.w.org\/{rel}","templated":true}]}}