{"id":3090,"date":"2019-10-15T02:34:27","date_gmt":"2019-10-15T02:34:27","guid":{"rendered":"https:\/\/www.pedroandretta.info\/index\/?p=3090"},"modified":"2019-10-15T02:34:27","modified_gmt":"2019-10-15T02:34:27","slug":"conteudo-bacana-para-disciplina-de-formacaodecolecoes-rethinking-print-period","status":"publish","type":"post","link":"https:\/\/www.pedroandretta.info\/index\/2019\/10\/conteudo-bacana-para-disciplina-de-formacaodecolecoes-rethinking-print-period\/","title":{"rendered":"Conte\u00fado bacana para disciplina de #forma\u00e7\u00e3odecole\u00e7\u00f5es , Rethinking print period&#8230;"},"content":{"rendered":"<p>[ad_1]<br \/>\n<img decoding=\"async\" src=\"https:\/\/www.tandfonline.com\/doi\/cover-img\/10.1080\/00987913.2019.1610143\"\/><\/p>\n<blockquote class=\"twitter-tweet\">\n<p lang=\"pt\" dir=\"ltr\">Conte\u00fado bacana para disciplina de <a target=\"_blank\" href=\"https:\/\/twitter.com\/hashtag\/forma%C3%A7%C3%A3odecole%C3%A7%C3%B5es?src=hash&amp;ref_src=twsrc%5Etfw\" rel=\"noopener noreferrer\">#forma\u00e7\u00e3odecole\u00e7\u00f5es<\/a> , Rethinking print periodicals holdings retention policy in small academic libraries  <a target=\"_blank\" href=\"https:\/\/t.co\/ncuLqQe0Ib\" rel=\"noopener noreferrer\">https:\/\/t.co\/ncuLqQe0Ib<\/a> <a target=\"_blank\" href=\"https:\/\/twitter.com\/hashtag\/bibliotecas?src=hash&amp;ref_src=twsrc%5Etfw\" rel=\"noopener noreferrer\">#bibliotecas<\/a><\/p>\n<p>&mdash; Pedro Andretta (@andretta_pedro) <a target=\"_blank\" href=\"https:\/\/twitter.com\/andretta_pedro\/status\/1183934128267431941?ref_src=twsrc%5Etfw\" rel=\"noopener noreferrer\">October 15, 2019<\/a><\/p><\/blockquote>\n<p><script async src=\"https:\/\/platform.twitter.com\/widgets.js\" charset=\"utf-8\"><\/script><\/p>\n<p>[ad_2]<br \/>\n<br \/><a href=\"https:\/\/twitter.com\/andretta_pedro\/statuses\/1183934128267431941\">Source<\/a> by <a href=\"https:\/\/t.co\/MfIsGWjH1p\">Pedro Andretta<\/a><\/p>\n","protected":false},"excerpt":{"rendered":"<p>[ad_1] Conte\u00fado bacana para disciplina de #forma\u00e7\u00e3odecole\u00e7\u00f5es , Rethinking print periodicals holdings retention policy in small academic libraries https:\/\/t.co\/ncuLqQe0Ib #bibliotecas &mdash; Pedro Andretta (@andretta_pedro) October 15, 2019 [ad_2] Source by Pedro Andretta<\/p>\n","protected":false},"author":1,"featured_media":3091,"comment_status":"closed","ping_status":"open","sticky":false,"template":"","format":"standard","meta":{"_jetpack_memberships_contains_paid_content":false,"footnotes":"","jetpack_publicize_message":"","jetpack_publicize_feature_enabled":true,"jetpack_social_post_already_shared":false,"jetpack_social_options":{"image_generator_settings":{"template":"highway","default_image_id":0,"font":"","enabled":false},"version":2}},"categories":[21],"tags":[38,51],"class_list":["post-3090","post","type-post","status-publish","format-standard","has-post-thumbnail","hentry","category-informeci","tag-bibliotecas","tag-formacaodecolecoes"],"jetpack_publicize_connections":[],"jetpack_featured_media_url":"https:\/\/www.pedroandretta.info\/index\/wp-content\/uploads\/2019\/12\/00987913.2019.1610143.jpeg; charset=UTF-8","views":"","jetpack_sharing_enabled":true,"_links":{"self":[{"href":"https:\/\/www.pedroandretta.info\/index\/wp-json\/wp\/v2\/posts\/3090","targetHints":{"allow":["GET"]}}],"collection":[{"href":"https:\/\/www.pedroandretta.info\/index\/wp-json\/wp\/v2\/posts"}],"about":[{"href":"https:\/\/www.pedroandretta.info\/index\/wp-json\/wp\/v2\/types\/post"}],"author":[{"embeddable":true,"href":"https:\/\/www.pedroandretta.info\/index\/wp-json\/wp\/v2\/users\/1"}],"replies":[{"embeddable":true,"href":"https:\/\/www.pedroandretta.info\/index\/wp-json\/wp\/v2\/comments?post=3090"}],"version-history":[{"count":0,"href":"https:\/\/www.pedroandretta.info\/index\/wp-json\/wp\/v2\/posts\/3090\/revisions"}],"wp:featuredmedia":[{"embeddable":true,"href":"https:\/\/www.pedroandretta.info\/index\/wp-json\/wp\/v2\/media\/3091"}],"wp:attachment":[{"href":"https:\/\/www.pedroandretta.info\/index\/wp-json\/wp\/v2\/media?parent=3090"}],"wp:term":[{"taxonomy":"category","embeddable":true,"href":"https:\/\/www.pedroandretta.info\/index\/wp-json\/wp\/v2\/categories?post=3090"},{"taxonomy":"post_tag","embeddable":true,"href":"https:\/\/www.pedroandretta.info\/index\/wp-json\/wp\/v2\/tags?post=3090"}],"curies":[{"name":"wp","href":"https:\/\/api.w.org\/{rel}","templated":true}]}}