{"id":30997,"date":"2025-05-22T16:19:14","date_gmt":"2025-05-22T20:19:14","guid":{"rendered":"https:\/\/www.pedroandretta.info\/index\/?p=30997"},"modified":"2025-05-22T16:25:02","modified_gmt":"2025-05-22T20:25:02","slug":"gestao-da-informacao-na-saude-publica-sob-a-perspectiva-feminina-ppgci-ufc","status":"publish","type":"post","link":"https:\/\/www.pedroandretta.info\/index\/2025\/05\/gestao-da-informacao-na-saude-publica-sob-a-perspectiva-feminina-ppgci-ufc\/","title":{"rendered":"Gest\u00e3o da informa\u00e7\u00e3o na sa\u00fade p\u00fablica sob a perspectiva feminina \/ PPGCI &#8211; UFC"},"content":{"rendered":"\n<p><strong>Gest\u00e3o da informa\u00e7\u00e3o na sa\u00fade p\u00fablica sob a perspectiva feminina<\/strong><\/p>\n\n\n\n<p>Qual \u00e9 a compreens\u00e3o que as mulheres atendidas nos servi\u00e7os de sa\u00fade p\u00fablica de Fortaleza-CE t\u00eam sobre o atendimento a elas direcionados e que podem contribuir para a gest\u00e3o da informa\u00e7\u00e3o nessas institui\u00e7\u00f5es? Nesse sentido, o objetivo geral \u00e9 analisar a percep\u00e7\u00e3o das mulheres sobre como os servi\u00e7os p\u00fablicos em sa\u00fade s\u00e3o ofertados, a fim de destacar seus pontos de vista para a gest\u00e3o da informa\u00e7\u00e3o nessas institui\u00e7\u00f5es. Dessa maneira, os objetivos espec\u00edficos dividem-se em: identificar o perfil das mulheres atendidas pelos servi\u00e7os de sa\u00fade p\u00fablica da cidade de Fortaleza &#8211; CE; apresentar o olhar dessas mulheres sobre suas necessidades de informa\u00e7\u00e3o para sa\u00fade enquanto usu\u00e1rias dos servi\u00e7os de sa\u00fade p\u00fablica da cidade; e evidenciar semelhan\u00e7as e diferen\u00e7as nas respostas relacionadas aos blocos preestabelecidos, bem como relacion\u00e1-las a gest\u00e3o da informa\u00e7\u00e3o para sa\u00fade da mulher.<\/p>\n\n\n\n<p>#Gest\u00e3oDaInforma\u00e7\u00e3o #Informa\u00e7\u00e3oEmSa\u00fade #G\u00eanero<\/p>\n\n\n\n<p>Dispon\u00edvel em: <a href=\"https:\/\/repositorio.ufc.br\/handle\/riufc\/80920\">https:\/\/repositorio.ufc.br\/handle\/riufc\/80920<\/a><\/p>\n\n\n\n<figure class=\"wp-block-image size-full\"><img data-recalc-dims=\"1\" decoding=\"async\" width=\"469\" height=\"588\" src=\"https:\/\/i0.wp.com\/www.pedroandretta.info\/index\/wp-content\/uploads\/2025\/05\/image-100.png?resize=469%2C588&#038;ssl=1\" alt=\"\" class=\"wp-image-31004\" srcset=\"https:\/\/i0.wp.com\/www.pedroandretta.info\/index\/wp-content\/uploads\/2025\/05\/image-100.png?w=469&amp;ssl=1 469w, https:\/\/i0.wp.com\/www.pedroandretta.info\/index\/wp-content\/uploads\/2025\/05\/image-100.png?resize=239%2C300&amp;ssl=1 239w\" sizes=\"(max-width: 469px) 100vw, 469px\" \/><\/figure>\n","protected":false},"excerpt":{"rendered":"<p>Gest\u00e3o da informa\u00e7\u00e3o na sa\u00fade p\u00fablica sob a perspectiva feminina Qual \u00e9 a compreens\u00e3o que as mulheres atendidas nos servi\u00e7os de sa\u00fade p\u00fablica de Fortaleza-CE t\u00eam sobre o atendimento a elas direcionados e que podem contribuir para a gest\u00e3o da informa\u00e7\u00e3o nessas institui\u00e7\u00f5es? Nesse sentido, o objetivo geral \u00e9 analisar a percep\u00e7\u00e3o das mulheres sobre<\/p><\/div>\n<div class=\"blog-btn\"><a href=\"https:\/\/www.pedroandretta.info\/index\/2025\/05\/gestao-da-informacao-na-saude-publica-sob-a-perspectiva-feminina-ppgci-ufc\/\" class=\"home-blog-btn\">Ler mais<\/a><\/p>\n","protected":false},"author":1,"featured_media":0,"comment_status":"open","ping_status":"open","sticky":false,"template":"","format":"standard","meta":{"_jetpack_memberships_contains_paid_content":false,"footnotes":"","jetpack_publicize_message":"","jetpack_publicize_feature_enabled":true,"jetpack_social_post_already_shared":true,"jetpack_social_options":{"image_generator_settings":{"template":"highway","default_image_id":0,"font":"","enabled":false},"version":2}},"categories":[21],"tags":[178,248,1079],"class_list":["post-30997","post","type-post","status-publish","format-standard","hentry","category-informeci","tag-genero","tag-gestaodainformacao","tag-informacaoemsaude"],"jetpack_publicize_connections":[],"jetpack_featured_media_url":"","views":"","jetpack_sharing_enabled":true,"_links":{"self":[{"href":"https:\/\/www.pedroandretta.info\/index\/wp-json\/wp\/v2\/posts\/30997","targetHints":{"allow":["GET"]}}],"collection":[{"href":"https:\/\/www.pedroandretta.info\/index\/wp-json\/wp\/v2\/posts"}],"about":[{"href":"https:\/\/www.pedroandretta.info\/index\/wp-json\/wp\/v2\/types\/post"}],"author":[{"embeddable":true,"href":"https:\/\/www.pedroandretta.info\/index\/wp-json\/wp\/v2\/users\/1"}],"replies":[{"embeddable":true,"href":"https:\/\/www.pedroandretta.info\/index\/wp-json\/wp\/v2\/comments?post=30997"}],"version-history":[{"count":0,"href":"https:\/\/www.pedroandretta.info\/index\/wp-json\/wp\/v2\/posts\/30997\/revisions"}],"wp:attachment":[{"href":"https:\/\/www.pedroandretta.info\/index\/wp-json\/wp\/v2\/media?parent=30997"}],"wp:term":[{"taxonomy":"category","embeddable":true,"href":"https:\/\/www.pedroandretta.info\/index\/wp-json\/wp\/v2\/categories?post=30997"},{"taxonomy":"post_tag","embeddable":true,"href":"https:\/\/www.pedroandretta.info\/index\/wp-json\/wp\/v2\/tags?post=30997"}],"curies":[{"name":"wp","href":"https:\/\/api.w.org\/{rel}","templated":true}]}}