{"id":31049,"date":"2025-06-18T03:17:00","date_gmt":"2025-06-18T07:17:00","guid":{"rendered":"https:\/\/www.pedroandretta.info\/index\/?p=31049"},"modified":"2025-06-03T18:20:19","modified_gmt":"2025-06-03T22:20:19","slug":"por-que-nao-temos-uma-semana-das-bibliotecas-preserva-biblio","status":"publish","type":"post","link":"https:\/\/www.pedroandretta.info\/index\/2025\/06\/por-que-nao-temos-uma-semana-das-bibliotecas-preserva-biblio\/","title":{"rendered":"Por que n\u00e3o temos uma Semana das Bibliotecas? \/ Preserva Biblio"},"content":{"rendered":"\n<p><strong>Por que n\u00e3o temos uma Semana das Bibliotecas?<\/strong><\/p>\n\n\n\n<p>Mas, ent\u00e3o, por que n\u00e3o temos algo parecido em Bibliotecas?<br>Quando comecei a pensar sobre isso, fiquei um bom tempo tentando me lembrar se existia, em Bibliotecas e\/ou na Biblioteconomia, algo parecido com a Semana Nacional de Arquivos, com a Semana Nacional de Museus ou com a Primavera de Museus, e n\u00e3o consegui me lembrar de nada com a mesma proposta.<\/p>\n\n\n\n<p>#SemanaDasBibliotecas<\/p>\n\n\n\n<p>via Preserva Biblio<\/p>\n\n\n\n<p>Dispon\u00edvel em: <a href=\"https:\/\/preservabiblio.substack.com\/p\/por-que-nao-temos-uma-semana-das\">https:\/\/preservabiblio.substack.com\/p\/por-que-nao-temos-uma-semana-das<\/a><\/p>\n","protected":false},"excerpt":{"rendered":"<p>Por que n\u00e3o temos uma Semana das Bibliotecas? Mas, ent\u00e3o, por que n\u00e3o temos algo parecido em Bibliotecas?Quando comecei a pensar sobre isso, fiquei um bom tempo tentando me lembrar se existia, em Bibliotecas e\/ou na Biblioteconomia, algo parecido com a Semana Nacional de Arquivos, com a Semana Nacional de Museus ou com a Primavera<\/p><\/div>\n<div class=\"blog-btn\"><a href=\"https:\/\/www.pedroandretta.info\/index\/2025\/06\/por-que-nao-temos-uma-semana-das-bibliotecas-preserva-biblio\/\" class=\"home-blog-btn\">Ler mais<\/a><\/p>\n","protected":false},"author":1,"featured_media":0,"comment_status":"open","ping_status":"open","sticky":false,"template":"","format":"standard","meta":{"_jetpack_memberships_contains_paid_content":false,"footnotes":"","jetpack_publicize_message":"","jetpack_publicize_feature_enabled":true,"jetpack_social_post_already_shared":true,"jetpack_social_options":{"image_generator_settings":{"template":"highway","default_image_id":0,"font":"","enabled":false},"version":2}},"categories":[21],"tags":[],"class_list":["post-31049","post","type-post","status-publish","format-standard","hentry","category-informeci"],"jetpack_publicize_connections":[],"jetpack_featured_media_url":"","views":"","jetpack_sharing_enabled":true,"_links":{"self":[{"href":"https:\/\/www.pedroandretta.info\/index\/wp-json\/wp\/v2\/posts\/31049","targetHints":{"allow":["GET"]}}],"collection":[{"href":"https:\/\/www.pedroandretta.info\/index\/wp-json\/wp\/v2\/posts"}],"about":[{"href":"https:\/\/www.pedroandretta.info\/index\/wp-json\/wp\/v2\/types\/post"}],"author":[{"embeddable":true,"href":"https:\/\/www.pedroandretta.info\/index\/wp-json\/wp\/v2\/users\/1"}],"replies":[{"embeddable":true,"href":"https:\/\/www.pedroandretta.info\/index\/wp-json\/wp\/v2\/comments?post=31049"}],"version-history":[{"count":0,"href":"https:\/\/www.pedroandretta.info\/index\/wp-json\/wp\/v2\/posts\/31049\/revisions"}],"wp:attachment":[{"href":"https:\/\/www.pedroandretta.info\/index\/wp-json\/wp\/v2\/media?parent=31049"}],"wp:term":[{"taxonomy":"category","embeddable":true,"href":"https:\/\/www.pedroandretta.info\/index\/wp-json\/wp\/v2\/categories?post=31049"},{"taxonomy":"post_tag","embeddable":true,"href":"https:\/\/www.pedroandretta.info\/index\/wp-json\/wp\/v2\/tags?post=31049"}],"curies":[{"name":"wp","href":"https:\/\/api.w.org\/{rel}","templated":true}]}}