{"id":31051,"date":"2025-06-18T04:20:00","date_gmt":"2025-06-18T08:20:00","guid":{"rendered":"https:\/\/www.pedroandretta.info\/index\/?p=31051"},"modified":"2025-06-03T18:23:54","modified_gmt":"2025-06-03T22:23:54","slug":"bibliotecas-e-bibliotecarios-sao-importantes-a-crise-das-bibliotecas-no-mexico-e-as-decisoes-de-trump-otlet","status":"publish","type":"post","link":"https:\/\/www.pedroandretta.info\/index\/2025\/06\/bibliotecas-e-bibliotecarios-sao-importantes-a-crise-das-bibliotecas-no-mexico-e-as-decisoes-de-trump-otlet\/","title":{"rendered":"Bibliotecas e bibliotec\u00e1rios s\u00e3o importantes? A crise das bibliotecas no M\u00e9xico e as decis\u00f5es de Trump \/ Otlet"},"content":{"rendered":"\n<p><strong>Bibliotecas e bibliotec\u00e1rios s\u00e3o importantes? A crise das bibliotecas no M\u00e9xico e as decis\u00f5es de Trump<\/strong><\/p>\n\n\n\n<p>Segundo fontes da imprensa e da televis\u00e3o mexicanas, muitas bibliotecas p\u00fablicas do pa\u00eds est\u00e3o negligenciadas, com instala\u00e7\u00f5es desgastadas, enferrujadas e mal conservadas e, o que \u00e9 mais preocupante, com falta de pessoal. Por exemplo, o jornal El Sol de Zacatecas observa: &#8220;Em um diagn\u00f3stico da situa\u00e7\u00e3o atual das bibliotecas p\u00fablicas no M\u00e9xico, Rodrigo Borja Torres, Diretor-Geral de Bibliotecas do Minist\u00e9rio da Cultura, revelou que 40% dos pr\u00e9dios das bibliotecas do pa\u00eds enfrentam problemas significativos, principalmente relacionados \u00e0 infraestrutura.&#8221;<\/p>\n\n\n\n<p>#Bibliotecas #M\u00e9xico<\/p>\n\n\n\n<p>via Otlet<\/p>\n\n\n\n<p>Dispon\u00edvel em: <a href=\"https:\/\/www.revistaotlet.com\/son-las-bibliotecas-y-bibliotecarios-importantes-la-crisis-de-las-bibliotecas-en-mexico-y-las-decisiones-de-trump\/\">https:\/\/www.revistaotlet.com\/son-las-bibliotecas-y-bibliotecarios-importantes-la-crisis-de-las-bibliotecas-en-mexico-y-las-decisiones-de-trump\/<\/a><\/p>\n","protected":false},"excerpt":{"rendered":"<p>Bibliotecas e bibliotec\u00e1rios s\u00e3o importantes? A crise das bibliotecas no M\u00e9xico e as decis\u00f5es de Trump Segundo fontes da imprensa e da televis\u00e3o mexicanas, muitas bibliotecas p\u00fablicas do pa\u00eds est\u00e3o negligenciadas, com instala\u00e7\u00f5es desgastadas, enferrujadas e mal conservadas e, o que \u00e9 mais preocupante, com falta de pessoal. Por exemplo, o jornal El Sol de<\/p><\/div>\n<div class=\"blog-btn\"><a href=\"https:\/\/www.pedroandretta.info\/index\/2025\/06\/bibliotecas-e-bibliotecarios-sao-importantes-a-crise-das-bibliotecas-no-mexico-e-as-decisoes-de-trump-otlet\/\" class=\"home-blog-btn\">Ler mais<\/a><\/p>\n","protected":false},"author":1,"featured_media":0,"comment_status":"open","ping_status":"open","sticky":false,"template":"","format":"standard","meta":{"_jetpack_memberships_contains_paid_content":false,"footnotes":"","jetpack_publicize_message":"","jetpack_publicize_feature_enabled":true,"jetpack_social_post_already_shared":true,"jetpack_social_options":{"image_generator_settings":{"template":"highway","default_image_id":0,"font":"","enabled":false},"version":2}},"categories":[21],"tags":[38,2843],"class_list":["post-31051","post","type-post","status-publish","format-standard","hentry","category-informeci","tag-bibliotecas","tag-mexico"],"jetpack_publicize_connections":[],"jetpack_featured_media_url":"","views":"","jetpack_sharing_enabled":true,"_links":{"self":[{"href":"https:\/\/www.pedroandretta.info\/index\/wp-json\/wp\/v2\/posts\/31051","targetHints":{"allow":["GET"]}}],"collection":[{"href":"https:\/\/www.pedroandretta.info\/index\/wp-json\/wp\/v2\/posts"}],"about":[{"href":"https:\/\/www.pedroandretta.info\/index\/wp-json\/wp\/v2\/types\/post"}],"author":[{"embeddable":true,"href":"https:\/\/www.pedroandretta.info\/index\/wp-json\/wp\/v2\/users\/1"}],"replies":[{"embeddable":true,"href":"https:\/\/www.pedroandretta.info\/index\/wp-json\/wp\/v2\/comments?post=31051"}],"version-history":[{"count":0,"href":"https:\/\/www.pedroandretta.info\/index\/wp-json\/wp\/v2\/posts\/31051\/revisions"}],"wp:attachment":[{"href":"https:\/\/www.pedroandretta.info\/index\/wp-json\/wp\/v2\/media?parent=31051"}],"wp:term":[{"taxonomy":"category","embeddable":true,"href":"https:\/\/www.pedroandretta.info\/index\/wp-json\/wp\/v2\/categories?post=31051"},{"taxonomy":"post_tag","embeddable":true,"href":"https:\/\/www.pedroandretta.info\/index\/wp-json\/wp\/v2\/tags?post=31051"}],"curies":[{"name":"wp","href":"https:\/\/api.w.org\/{rel}","templated":true}]}}