{"id":31090,"date":"2025-06-05T18:46:48","date_gmt":"2025-06-05T22:46:48","guid":{"rendered":"https:\/\/www.pedroandretta.info\/index\/?p=31090"},"modified":"2025-06-05T18:47:15","modified_gmt":"2025-06-05T22:47:15","slug":"morre-niede-guidon-arqueologa-aos-92-anos-cafe-e-historia","status":"publish","type":"post","link":"https:\/\/www.pedroandretta.info\/index\/2025\/06\/morre-niede-guidon-arqueologa-aos-92-anos-cafe-e-historia\/","title":{"rendered":"Morre Ni\u00e8de Guidon, arque\u00f3loga, aos 92 anos \/ Caf\u00e9 e Hist\u00f3ria"},"content":{"rendered":"\n<p><strong>Morre Ni\u00e8de Guidon, arque\u00f3loga, aos 92 anos<\/strong><\/p>\n\n\n\n<p>Nascida em Ja\u00fa (SP), em 1933, Guidon formou-se em Hist\u00f3ria Natural pela USP e concluiu doutorado em arqueologia pr\u00e9-hist\u00f3rica na Sorbonne, em Paris. A partir da d\u00e9cada de 1970, liderou escava\u00e7\u00f5es no Piau\u00ed que desafiaram paradigmas cient\u00edficos ao apresentar evid\u00eancias de presen\u00e7a humana nas Am\u00e9ricas h\u00e1 mais de 50 mil anos, muito antes do que indicavam as teorias tradicionais.<\/p>\n\n\n\n<p>#Arqueologia<\/p>\n\n\n\n<p>via Caf\u00e9 e Hist\u00f3ria<\/p>\n\n\n\n<p>Dispon\u00edvel em: <a href=\"https:\/\/www.cafehistoria.com.br\/morre-niede-guidon\/\">https:\/\/www.cafehistoria.com.br\/morre-niede-guidon\/<\/a><\/p>\n\n\n\n<figure class=\"wp-block-image size-large\"><img data-recalc-dims=\"1\" decoding=\"async\" width=\"600\" height=\"338\" src=\"https:\/\/i0.wp.com\/www.pedroandretta.info\/index\/wp-content\/uploads\/2025\/06\/site-1-3-2_e3cabe1d00b7ab03167b931d785a196e3256e926.jpg?resize=600%2C338&#038;ssl=1\" alt=\"\" class=\"wp-image-31091\" srcset=\"https:\/\/i0.wp.com\/www.pedroandretta.info\/index\/wp-content\/uploads\/2025\/06\/site-1-3-2_e3cabe1d00b7ab03167b931d785a196e3256e926.jpg?resize=600%2C338&amp;ssl=1 600w, https:\/\/i0.wp.com\/www.pedroandretta.info\/index\/wp-content\/uploads\/2025\/06\/site-1-3-2_e3cabe1d00b7ab03167b931d785a196e3256e926.jpg?resize=300%2C169&amp;ssl=1 300w, https:\/\/i0.wp.com\/www.pedroandretta.info\/index\/wp-content\/uploads\/2025\/06\/site-1-3-2_e3cabe1d00b7ab03167b931d785a196e3256e926.jpg?resize=768%2C432&amp;ssl=1 768w, https:\/\/i0.wp.com\/www.pedroandretta.info\/index\/wp-content\/uploads\/2025\/06\/site-1-3-2_e3cabe1d00b7ab03167b931d785a196e3256e926.jpg?w=1280&amp;ssl=1 1280w\" sizes=\"(max-width: 600px) 100vw, 600px\" \/><\/figure>\n","protected":false},"excerpt":{"rendered":"<p>Morre Ni\u00e8de Guidon, arque\u00f3loga, aos 92 anos Nascida em Ja\u00fa (SP), em 1933, Guidon formou-se em Hist\u00f3ria Natural pela USP e concluiu doutorado em arqueologia pr\u00e9-hist\u00f3rica na Sorbonne, em Paris. A partir da d\u00e9cada de 1970, liderou escava\u00e7\u00f5es no Piau\u00ed que desafiaram paradigmas cient\u00edficos ao apresentar evid\u00eancias de presen\u00e7a humana nas Am\u00e9ricas h\u00e1 mais de<\/p><\/div>\n<div class=\"blog-btn\"><a href=\"https:\/\/www.pedroandretta.info\/index\/2025\/06\/morre-niede-guidon-arqueologa-aos-92-anos-cafe-e-historia\/\" class=\"home-blog-btn\">Ler mais<\/a><\/p>\n","protected":false},"author":1,"featured_media":0,"comment_status":"open","ping_status":"open","sticky":false,"template":"","format":"standard","meta":{"_jetpack_newsletter_access":"","_jetpack_dont_email_post_to_subs":false,"_jetpack_newsletter_tier_id":0,"_jetpack_memberships_contains_paywalled_content":false,"_jetpack_feature_clip_id":0,"_jetpack_memberships_contains_paid_content":false,"footnotes":"","jetpack_publicize_message":"","jetpack_publicize_feature_enabled":true,"jetpack_social_post_already_shared":true,"jetpack_social_options":{"image_generator_settings":{"template":"highway","default_image_id":0,"font":"","enabled":false},"version":2},"jetpack_post_was_ever_published":false},"categories":[21],"tags":[284],"class_list":["post-31090","post","type-post","status-publish","format-standard","hentry","category-informeci","tag-arqueologia"],"jetpack_publicize_connections":[],"jetpack_featured_media_url":"","views":"","jetpack_sharing_enabled":true,"_links":{"self":[{"href":"https:\/\/www.pedroandretta.info\/index\/wp-json\/wp\/v2\/posts\/31090","targetHints":{"allow":["GET"]}}],"collection":[{"href":"https:\/\/www.pedroandretta.info\/index\/wp-json\/wp\/v2\/posts"}],"about":[{"href":"https:\/\/www.pedroandretta.info\/index\/wp-json\/wp\/v2\/types\/post"}],"author":[{"embeddable":true,"href":"https:\/\/www.pedroandretta.info\/index\/wp-json\/wp\/v2\/users\/1"}],"replies":[{"embeddable":true,"href":"https:\/\/www.pedroandretta.info\/index\/wp-json\/wp\/v2\/comments?post=31090"}],"version-history":[{"count":0,"href":"https:\/\/www.pedroandretta.info\/index\/wp-json\/wp\/v2\/posts\/31090\/revisions"}],"wp:attachment":[{"href":"https:\/\/www.pedroandretta.info\/index\/wp-json\/wp\/v2\/media?parent=31090"}],"wp:term":[{"taxonomy":"category","embeddable":true,"href":"https:\/\/www.pedroandretta.info\/index\/wp-json\/wp\/v2\/categories?post=31090"},{"taxonomy":"post_tag","embeddable":true,"href":"https:\/\/www.pedroandretta.info\/index\/wp-json\/wp\/v2\/tags?post=31090"}],"curies":[{"name":"wp","href":"https:\/\/api.w.org\/{rel}","templated":true}]}}