{"id":31155,"date":"2025-06-07T18:58:12","date_gmt":"2025-06-07T22:58:12","guid":{"rendered":"https:\/\/www.pedroandretta.info\/index\/?p=31155"},"modified":"2025-06-07T18:58:17","modified_gmt":"2025-06-07T22:58:17","slug":"mau-desempenho-no-ideb-tem-apenas-um-culpado-porvir","status":"publish","type":"post","link":"https:\/\/www.pedroandretta.info\/index\/2025\/06\/mau-desempenho-no-ideb-tem-apenas-um-culpado-porvir\/","title":{"rendered":"Mau desempenho no Ideb tem apenas um culpado? \/ Porvir"},"content":{"rendered":"\n<p><strong>Mau desempenho no Ideb tem apenas um culpado?<\/strong><\/p>\n\n\n\n<p>Bons resultados em indicadores educacionais demandam a participa\u00e7\u00e3o de m\u00faltiplos atores, desde a gest\u00e3o p\u00fablica aos professores em sala de aula, e a contextualiza\u00e7\u00e3o do cen\u00e1rio escolar<\/p>\n\n\n\n<p>#IDEB #Educa\u00e7\u00e3oB\u00e1sica<\/p>\n\n\n\n<p>via Porvir<\/p>\n\n\n\n<p>Dispon\u00edvel: <a href=\"https:\/\/porvir.org\/mau-desempenho-ideb-culpado\/\">https:\/\/porvir.org\/mau-desempenho-ideb-culpado\/<\/a><\/p>\n","protected":false},"excerpt":{"rendered":"<p>Mau desempenho no Ideb tem apenas um culpado? Bons resultados em indicadores educacionais demandam a participa\u00e7\u00e3o de m\u00faltiplos atores, desde a gest\u00e3o p\u00fablica aos professores em sala de aula, e a contextualiza\u00e7\u00e3o do cen\u00e1rio escolar #IDEB #Educa\u00e7\u00e3oB\u00e1sica via Porvir Dispon\u00edvel: https:\/\/porvir.org\/mau-desempenho-ideb-culpado\/<\/p>\n","protected":false},"author":1,"featured_media":0,"comment_status":"open","ping_status":"open","sticky":false,"template":"","format":"standard","meta":{"_jetpack_memberships_contains_paid_content":false,"footnotes":"","jetpack_publicize_message":"","jetpack_publicize_feature_enabled":true,"jetpack_social_post_already_shared":true,"jetpack_social_options":{"image_generator_settings":{"template":"highway","default_image_id":0,"font":"","enabled":false},"version":2}},"categories":[21],"tags":[1952,1367],"class_list":["post-31155","post","type-post","status-publish","format-standard","hentry","category-informeci","tag-educacaobasica","tag-ideb"],"jetpack_publicize_connections":[],"jetpack_featured_media_url":"","views":"","jetpack_sharing_enabled":true,"_links":{"self":[{"href":"https:\/\/www.pedroandretta.info\/index\/wp-json\/wp\/v2\/posts\/31155","targetHints":{"allow":["GET"]}}],"collection":[{"href":"https:\/\/www.pedroandretta.info\/index\/wp-json\/wp\/v2\/posts"}],"about":[{"href":"https:\/\/www.pedroandretta.info\/index\/wp-json\/wp\/v2\/types\/post"}],"author":[{"embeddable":true,"href":"https:\/\/www.pedroandretta.info\/index\/wp-json\/wp\/v2\/users\/1"}],"replies":[{"embeddable":true,"href":"https:\/\/www.pedroandretta.info\/index\/wp-json\/wp\/v2\/comments?post=31155"}],"version-history":[{"count":0,"href":"https:\/\/www.pedroandretta.info\/index\/wp-json\/wp\/v2\/posts\/31155\/revisions"}],"wp:attachment":[{"href":"https:\/\/www.pedroandretta.info\/index\/wp-json\/wp\/v2\/media?parent=31155"}],"wp:term":[{"taxonomy":"category","embeddable":true,"href":"https:\/\/www.pedroandretta.info\/index\/wp-json\/wp\/v2\/categories?post=31155"},{"taxonomy":"post_tag","embeddable":true,"href":"https:\/\/www.pedroandretta.info\/index\/wp-json\/wp\/v2\/tags?post=31155"}],"curies":[{"name":"wp","href":"https:\/\/api.w.org\/{rel}","templated":true}]}}