{"id":31199,"date":"2025-06-08T19:00:01","date_gmt":"2025-06-08T23:00:01","guid":{"rendered":"https:\/\/www.pedroandretta.info\/index\/?p=31199"},"modified":"2025-06-08T19:00:07","modified_gmt":"2025-06-08T23:00:07","slug":"novos-profissionais-o-bibliotecario-moderno-ifla","status":"publish","type":"post","link":"https:\/\/www.pedroandretta.info\/index\/2025\/06\/novos-profissionais-o-bibliotecario-moderno-ifla\/","title":{"rendered":"Novos Profissionais: O bibliotec\u00e1rio moderno \/ IFLA"},"content":{"rendered":"\n<p><strong>Novos Profissionais: O bibliotec\u00e1rio moderno<\/strong><\/p>\n\n\n\n<p>Em uma era de intelig\u00eancia artificial, servi\u00e7os baseados em dados e r\u00e1pida inova\u00e7\u00e3o digital, os bibliotec\u00e1rios devem equilibrar habilidades t\u00e9cnicas, como curadoria de metadados, an\u00e1lise de sistemas ou integra\u00e7\u00e3o de IA, com habilidades interpessoais cruciais que promovam um servi\u00e7o inclusivo e responsivo. Comunica\u00e7\u00e3o, coopera\u00e7\u00e3o, intelig\u00eancia emocional e resolu\u00e7\u00e3o de problemas n\u00e3o s\u00e3o mais opcionais \u2014 s\u00e3o essenciais para uma conex\u00e3o significativa entre usu\u00e1rios e colegas.<\/p>\n\n\n\n<p>(&#8230;) \u00c0 medida que o trabalho do bibliotec\u00e1rio \u00e9 redefinido, surge uma profiss\u00e3o orientada por um prop\u00f3sito, enriquecida pela especializa\u00e7\u00e3o e fortalecida pela troca global de conhecimento. Os profissionais de biblioteca, com direcionamento claro e acesso a sistemas de apoio s\u00f3lidos, est\u00e3o bem posicionados para liderar as bibliotecas rumo a um futuro mais inclusivo e inovador.<\/p>\n\n\n\n<p>#Bibliotec\u00e1rios #Atua\u00e7\u00e3oProfissional #IFLA<\/p>\n\n\n\n<p>Dispon\u00edvel em: <a href=\"https:\/\/www.ifla.org\/news\/new-professionals-the-modern-library-worker\/\">https:\/\/www.ifla.org\/news\/new-professionals-the-modern-library-worker\/<\/a><\/p>\n\n\n\n<figure class=\"wp-block-image size-large\"><img data-recalc-dims=\"1\" decoding=\"async\" width=\"600\" height=\"414\" src=\"https:\/\/i0.wp.com\/www.pedroandretta.info\/index\/wp-content\/uploads\/2025\/06\/image-37.png?resize=600%2C414&#038;ssl=1\" alt=\"\" class=\"wp-image-31200\" srcset=\"https:\/\/i0.wp.com\/www.pedroandretta.info\/index\/wp-content\/uploads\/2025\/06\/image-37.png?resize=600%2C414&amp;ssl=1 600w, https:\/\/i0.wp.com\/www.pedroandretta.info\/index\/wp-content\/uploads\/2025\/06\/image-37.png?resize=300%2C207&amp;ssl=1 300w, https:\/\/i0.wp.com\/www.pedroandretta.info\/index\/wp-content\/uploads\/2025\/06\/image-37.png?resize=768%2C530&amp;ssl=1 768w, https:\/\/i0.wp.com\/www.pedroandretta.info\/index\/wp-content\/uploads\/2025\/06\/image-37.png?w=1239&amp;ssl=1 1239w\" sizes=\"(max-width: 600px) 100vw, 600px\" \/><\/figure>\n","protected":false},"excerpt":{"rendered":"<p>Novos Profissionais: O bibliotec\u00e1rio moderno Em uma era de intelig\u00eancia artificial, servi\u00e7os baseados em dados e r\u00e1pida inova\u00e7\u00e3o digital, os bibliotec\u00e1rios devem equilibrar habilidades t\u00e9cnicas, como curadoria de metadados, an\u00e1lise de sistemas ou integra\u00e7\u00e3o de IA, com habilidades interpessoais cruciais que promovam um servi\u00e7o inclusivo e responsivo. Comunica\u00e7\u00e3o, coopera\u00e7\u00e3o, intelig\u00eancia emocional e resolu\u00e7\u00e3o de problemas<\/p><\/div>\n<div class=\"blog-btn\"><a href=\"https:\/\/www.pedroandretta.info\/index\/2025\/06\/novos-profissionais-o-bibliotecario-moderno-ifla\/\" class=\"home-blog-btn\">Ler mais<\/a><\/p>\n","protected":false},"author":1,"featured_media":0,"comment_status":"open","ping_status":"open","sticky":false,"template":"","format":"standard","meta":{"_jetpack_memberships_contains_paid_content":false,"footnotes":"","jetpack_publicize_message":"","jetpack_publicize_feature_enabled":true,"jetpack_social_post_already_shared":true,"jetpack_social_options":{"image_generator_settings":{"template":"highway","default_image_id":0,"font":"","enabled":false},"version":2}},"categories":[21],"tags":[1702,22,344],"class_list":["post-31199","post","type-post","status-publish","format-standard","hentry","category-informeci","tag-atuacaoprofissional","tag-bibliotecarios","tag-ifla"],"jetpack_publicize_connections":[],"jetpack_featured_media_url":"","views":"","jetpack_sharing_enabled":true,"_links":{"self":[{"href":"https:\/\/www.pedroandretta.info\/index\/wp-json\/wp\/v2\/posts\/31199","targetHints":{"allow":["GET"]}}],"collection":[{"href":"https:\/\/www.pedroandretta.info\/index\/wp-json\/wp\/v2\/posts"}],"about":[{"href":"https:\/\/www.pedroandretta.info\/index\/wp-json\/wp\/v2\/types\/post"}],"author":[{"embeddable":true,"href":"https:\/\/www.pedroandretta.info\/index\/wp-json\/wp\/v2\/users\/1"}],"replies":[{"embeddable":true,"href":"https:\/\/www.pedroandretta.info\/index\/wp-json\/wp\/v2\/comments?post=31199"}],"version-history":[{"count":0,"href":"https:\/\/www.pedroandretta.info\/index\/wp-json\/wp\/v2\/posts\/31199\/revisions"}],"wp:attachment":[{"href":"https:\/\/www.pedroandretta.info\/index\/wp-json\/wp\/v2\/media?parent=31199"}],"wp:term":[{"taxonomy":"category","embeddable":true,"href":"https:\/\/www.pedroandretta.info\/index\/wp-json\/wp\/v2\/categories?post=31199"},{"taxonomy":"post_tag","embeddable":true,"href":"https:\/\/www.pedroandretta.info\/index\/wp-json\/wp\/v2\/tags?post=31199"}],"curies":[{"name":"wp","href":"https:\/\/api.w.org\/{rel}","templated":true}]}}