{"id":31235,"date":"2025-06-10T15:53:17","date_gmt":"2025-06-10T19:53:17","guid":{"rendered":"https:\/\/www.pedroandretta.info\/index\/?p=31235"},"modified":"2025-06-10T15:53:21","modified_gmt":"2025-06-10T19:53:21","slug":"configuracao-de-um-programa-de-divulgacao-cientifica-para-educacao-ambiental-contribuicoes-da-ciencia-da-informacao-ppgci-usp","status":"publish","type":"post","link":"https:\/\/www.pedroandretta.info\/index\/2025\/06\/configuracao-de-um-programa-de-divulgacao-cientifica-para-educacao-ambiental-contribuicoes-da-ciencia-da-informacao-ppgci-usp\/","title":{"rendered":"Configura\u00e7\u00e3o de um programa de divulga\u00e7\u00e3o cient\u00edfica para educa\u00e7\u00e3o ambiental: contribui\u00e7\u00f5es da Ci\u00eancia da Informa\u00e7\u00e3o \/ PPGCI-USP"},"content":{"rendered":"\n<p><strong>Configura\u00e7\u00e3o de um programa de divulga\u00e7\u00e3o cient\u00edfica para educa\u00e7\u00e3o ambiental: contribui\u00e7\u00f5es da Ci\u00eancia da Informa\u00e7\u00e3o<\/strong><\/p>\n\n\n\n<p>(&#8230;) os Programas de Divulga\u00e7\u00e3o Cient\u00edfica de informa\u00e7\u00f5es ambientais analisados mostraram-se competentes canais e fontes de democratiza\u00e7\u00e3o de conhecimentos, o que pode ser averiguado pelo respeito ao conte\u00fado apresentado, evitando seu enviesamento econ\u00f4mico e pol\u00edtico, introduzindo ao p\u00fablico conceitos b\u00e1sicos sobre o tema, considerando principalmente seu significado t\u00e9cnico ou cient\u00edfico, sua contextualiza\u00e7\u00e3o hist\u00f3rica e social, e sua import\u00e2ncia cotidiana.&#8221;<\/p>\n\n\n\n<p>#Divulga\u00e7\u00e3oCient\u00edfica #Educa\u00e7\u00e3oAmbiental<\/p>\n\n\n\n<p>Dispon\u00edvel em: <a href=\"https:\/\/doi.org\/10.11606\/D.27.2023.tde-10072023-101011\">https:\/\/doi.org\/10.11606\/D.27.2023.tde-10072023-101011<\/a><\/p>\n\n\n\n<figure class=\"wp-block-image size-large\"><img data-recalc-dims=\"1\" decoding=\"async\" width=\"404\" height=\"600\" src=\"https:\/\/i0.wp.com\/www.pedroandretta.info\/index\/wp-content\/uploads\/2025\/06\/image-47.png?resize=404%2C600&#038;ssl=1\" alt=\"\" class=\"wp-image-31236\" srcset=\"https:\/\/i0.wp.com\/www.pedroandretta.info\/index\/wp-content\/uploads\/2025\/06\/image-47.png?resize=404%2C600&amp;ssl=1 404w, https:\/\/i0.wp.com\/www.pedroandretta.info\/index\/wp-content\/uploads\/2025\/06\/image-47.png?resize=202%2C300&amp;ssl=1 202w, https:\/\/i0.wp.com\/www.pedroandretta.info\/index\/wp-content\/uploads\/2025\/06\/image-47.png?w=497&amp;ssl=1 497w\" sizes=\"(max-width: 404px) 100vw, 404px\" \/><\/figure>\n","protected":false},"excerpt":{"rendered":"<p>Configura\u00e7\u00e3o de um programa de divulga\u00e7\u00e3o cient\u00edfica para educa\u00e7\u00e3o ambiental: contribui\u00e7\u00f5es da Ci\u00eancia da Informa\u00e7\u00e3o (&#8230;) os Programas de Divulga\u00e7\u00e3o Cient\u00edfica de informa\u00e7\u00f5es ambientais analisados mostraram-se competentes canais e fontes de democratiza\u00e7\u00e3o de conhecimentos, o que pode ser averiguado pelo respeito ao conte\u00fado apresentado, evitando seu enviesamento econ\u00f4mico e pol\u00edtico, introduzindo ao p\u00fablico conceitos b\u00e1sicos<\/p><\/div>\n<div class=\"blog-btn\"><a href=\"https:\/\/www.pedroandretta.info\/index\/2025\/06\/configuracao-de-um-programa-de-divulgacao-cientifica-para-educacao-ambiental-contribuicoes-da-ciencia-da-informacao-ppgci-usp\/\" class=\"home-blog-btn\">Ler mais<\/a><\/p>\n","protected":false},"author":1,"featured_media":0,"comment_status":"open","ping_status":"open","sticky":false,"template":"","format":"standard","meta":{"_jetpack_memberships_contains_paid_content":false,"footnotes":"","jetpack_publicize_message":"","jetpack_publicize_feature_enabled":true,"jetpack_social_post_already_shared":true,"jetpack_social_options":{"image_generator_settings":{"template":"highway","default_image_id":0,"font":"","enabled":false},"version":2}},"categories":[21],"tags":[542,991],"class_list":["post-31235","post","type-post","status-publish","format-standard","hentry","category-informeci","tag-divulgacaocientifica","tag-educacaoambiental"],"jetpack_publicize_connections":[],"jetpack_featured_media_url":"","views":"","jetpack_sharing_enabled":true,"_links":{"self":[{"href":"https:\/\/www.pedroandretta.info\/index\/wp-json\/wp\/v2\/posts\/31235","targetHints":{"allow":["GET"]}}],"collection":[{"href":"https:\/\/www.pedroandretta.info\/index\/wp-json\/wp\/v2\/posts"}],"about":[{"href":"https:\/\/www.pedroandretta.info\/index\/wp-json\/wp\/v2\/types\/post"}],"author":[{"embeddable":true,"href":"https:\/\/www.pedroandretta.info\/index\/wp-json\/wp\/v2\/users\/1"}],"replies":[{"embeddable":true,"href":"https:\/\/www.pedroandretta.info\/index\/wp-json\/wp\/v2\/comments?post=31235"}],"version-history":[{"count":0,"href":"https:\/\/www.pedroandretta.info\/index\/wp-json\/wp\/v2\/posts\/31235\/revisions"}],"wp:attachment":[{"href":"https:\/\/www.pedroandretta.info\/index\/wp-json\/wp\/v2\/media?parent=31235"}],"wp:term":[{"taxonomy":"category","embeddable":true,"href":"https:\/\/www.pedroandretta.info\/index\/wp-json\/wp\/v2\/categories?post=31235"},{"taxonomy":"post_tag","embeddable":true,"href":"https:\/\/www.pedroandretta.info\/index\/wp-json\/wp\/v2\/tags?post=31235"}],"curies":[{"name":"wp","href":"https:\/\/api.w.org\/{rel}","templated":true}]}}