{"id":31366,"date":"2025-06-16T15:49:38","date_gmt":"2025-06-16T19:49:38","guid":{"rendered":"https:\/\/www.pedroandretta.info\/index\/?p=31366"},"modified":"2025-06-15T15:52:51","modified_gmt":"2025-06-15T19:52:51","slug":"autocensura-reflexoes-sobre-um-trabalho-interno-alsc","status":"publish","type":"post","link":"https:\/\/www.pedroandretta.info\/index\/2025\/06\/autocensura-reflexoes-sobre-um-trabalho-interno-alsc\/","title":{"rendered":"Autocensura: Reflex\u00f5es sobre um trabalho interno \/ ALSC"},"content":{"rendered":"\n<p><strong>Autocensura: Reflex\u00f5es sobre um trabalho interno<\/strong><\/p>\n\n\n\n<p>A liberdade intelectual n\u00e3o acontece simplesmente porque as portas da biblioteca est\u00e3o abertas. Assim como uma muda ou uma mente jovem, a liberdade intelectual requer apoio e cuidado di\u00e1rios. Aqui est\u00e3o alguns guias que usei para refletir sobre como a autocensura se enra\u00edza.<\/p>\n\n\n\n<ul class=\"wp-block-list\">\n<li><strong>Cuidado, comprador<\/strong>\u00a0: at\u00e9 que ponto o crescimento da cole\u00e7\u00e3o e as compras refletem as necessidades da comunidade?<\/li>\n\n\n\n<li><strong>Sistemas circulat\u00f3rios<\/strong>\u00a0: estou promovendo ou evitando livros e eventos que parecem que podem enfrentar desafios?<\/li>\n\n\n\n<li><strong>Oculto \u00e0 vista de todos<\/strong>\u00a0: Estou mudando as exibi\u00e7\u00f5es porque estou preocupado com poss\u00edveis reclama\u00e7\u00f5es ou porque acho que elas podem ser melhoradas?<\/li>\n\n\n\n<li><strong>Manter ou n\u00e3o manter<\/strong>\u00a0: Ao eliminar t\u00edtulos, estou procurando motivos para manter ou descartar t\u00edtulos frequentemente contestados?<\/li>\n\n\n\n<li><strong>Trem em miniatura<\/strong>\u00a0: imagine que aquela crian\u00e7a nervosa de doze anos vai basear suas pr\u00f3ximas escolhas nas suas a\u00e7\u00f5es. Ent\u00e3o, pergunte-se: &#8220;Estou modelando a melhor vers\u00e3o de servi\u00e7o para clientes e colegas?&#8221;<\/li>\n\n\n\n<li><strong>Sim ou sei?:<\/strong>\u00a0Discri\u00e7\u00e3o \u00e9 uma habilidade profissional que envolve avalia\u00e7\u00e3o, aprecia\u00e7\u00e3o e decis\u00e3o, mas a autocensura vem de um lugar um pouco diferente, que escolhe por causa do que \u00e9 desconhecido.<\/li>\n<\/ul>\n\n\n\n<p>via ALSC<\/p>\n\n\n\n<p>#Gest\u00e3oDeBibliotecas #Autocensura #LiberdadeIntelectual<\/p>\n\n\n\n<p>Dispon\u00edvel em: <a href=\"https:\/\/www.alsc.ala.org\/blog\/2025\/06\/self-censorship-a-journey-to-the-unknown\/\">https:\/\/www.alsc.ala.org\/blog\/2025\/06\/self-censorship-a-journey-to-the-unknown\/<\/a><\/p>\n","protected":false},"excerpt":{"rendered":"<p>Autocensura: Reflex\u00f5es sobre um trabalho interno A liberdade intelectual n\u00e3o acontece simplesmente porque as portas da biblioteca est\u00e3o abertas. Assim como uma muda ou uma mente jovem, a liberdade intelectual requer apoio e cuidado di\u00e1rios. Aqui est\u00e3o alguns guias que usei para refletir sobre como a autocensura se enra\u00edza. via ALSC #Gest\u00e3oDeBibliotecas #Autocensura #LiberdadeIntelectual Dispon\u00edvel<\/p><\/div>\n<div class=\"blog-btn\"><a href=\"https:\/\/www.pedroandretta.info\/index\/2025\/06\/autocensura-reflexoes-sobre-um-trabalho-interno-alsc\/\" class=\"home-blog-btn\">Ler mais<\/a><\/p>\n","protected":false},"author":1,"featured_media":0,"comment_status":"open","ping_status":"open","sticky":false,"template":"","format":"standard","meta":{"_jetpack_newsletter_access":"","_jetpack_dont_email_post_to_subs":false,"_jetpack_newsletter_tier_id":0,"_jetpack_memberships_contains_paywalled_content":false,"_jetpack_feature_clip_id":0,"_jetpack_memberships_contains_paid_content":false,"footnotes":"","jetpack_publicize_message":"","jetpack_publicize_feature_enabled":true,"jetpack_social_post_already_shared":true,"jetpack_social_options":{"image_generator_settings":{"template":"highway","default_image_id":0,"font":"","enabled":false},"version":2},"jetpack_post_was_ever_published":false},"categories":[21],"tags":[2052,1498,1162],"class_list":["post-31366","post","type-post","status-publish","format-standard","hentry","category-informeci","tag-autocensura","tag-gestaodebibliotecas","tag-liberdadeintelectual"],"jetpack_publicize_connections":[],"jetpack_featured_media_url":"","views":"","jetpack_sharing_enabled":true,"_links":{"self":[{"href":"https:\/\/www.pedroandretta.info\/index\/wp-json\/wp\/v2\/posts\/31366","targetHints":{"allow":["GET"]}}],"collection":[{"href":"https:\/\/www.pedroandretta.info\/index\/wp-json\/wp\/v2\/posts"}],"about":[{"href":"https:\/\/www.pedroandretta.info\/index\/wp-json\/wp\/v2\/types\/post"}],"author":[{"embeddable":true,"href":"https:\/\/www.pedroandretta.info\/index\/wp-json\/wp\/v2\/users\/1"}],"replies":[{"embeddable":true,"href":"https:\/\/www.pedroandretta.info\/index\/wp-json\/wp\/v2\/comments?post=31366"}],"version-history":[{"count":0,"href":"https:\/\/www.pedroandretta.info\/index\/wp-json\/wp\/v2\/posts\/31366\/revisions"}],"wp:attachment":[{"href":"https:\/\/www.pedroandretta.info\/index\/wp-json\/wp\/v2\/media?parent=31366"}],"wp:term":[{"taxonomy":"category","embeddable":true,"href":"https:\/\/www.pedroandretta.info\/index\/wp-json\/wp\/v2\/categories?post=31366"},{"taxonomy":"post_tag","embeddable":true,"href":"https:\/\/www.pedroandretta.info\/index\/wp-json\/wp\/v2\/tags?post=31366"}],"curies":[{"name":"wp","href":"https:\/\/api.w.org\/{rel}","templated":true}]}}