{"id":31379,"date":"2025-06-25T20:17:22","date_gmt":"2025-06-26T00:17:22","guid":{"rendered":"https:\/\/www.pedroandretta.info\/index\/?p=31379"},"modified":"2025-06-15T20:23:47","modified_gmt":"2025-06-16T00:23:47","slug":"vale-a-pena-ler-historias-para-bebes-menores-de-um-ano-otlet","status":"publish","type":"post","link":"https:\/\/www.pedroandretta.info\/index\/2025\/06\/vale-a-pena-ler-historias-para-bebes-menores-de-um-ano-otlet\/","title":{"rendered":"Vale a pena ler hist\u00f3rias para beb\u00eas menores de um ano? \/ Otlet"},"content":{"rendered":"\n<p><strong>Vale a pena ler hist\u00f3rias para beb\u00eas menores de um ano?<\/strong><\/p>\n\n\n\n<p>Valer ver a bibliografia:<br>Bautista Cote, Mar\u00eda Graciela, \u00abLa literatura infantil: un espacio para la construcci\u00f3n de sentido\u00bb. En Beb\u00e9s lectores. \u00bfC\u00f3mo leen los que a\u00fan no leen?, editado por Jos\u00e9 Diego Gonz\u00e1lez M., 14-17. Bogot\u00e1: Cerlalc, 2017.<br>Cabrejo Parra, Evelio, \u00abLa lectura comienza antes de los textos escritos\u00bb, Nuevas hojas de lectura, n\u00fam. 3 (2003): 12-19.<br>Carrasco Altamirano, Alma, \u00ab\u00bfIniciativas adultas o infantiles? Reflexiones y pistas para seguir leyendo con los beb\u00e9s\u00bb. En Beb\u00e9s lectores. \u00bfC\u00f3mo leen los que a\u00fan no leen?, editado por Jos\u00e9 Diego Gonz\u00e1lez M., 28-36. Bogot\u00e1: Cerlalc, 2017.<br>Castillero Mimenza, Oscar, \u00abEl tiempo m\u00e1ximo de concentraci\u00f3n de los ni\u00f1os seg\u00fan su edad\u00bb, Psicolog\u00eda y Mente, 26 de mayo de 2017.<br>Mart\u00ednez, Carola, \u00ab\u00bfBeb\u00e9s, ni\u00f1os peque\u00f1os y dispositivos digitales\u00bb. En Beb\u00e9s lectores. \u00bfC\u00f3mo leen los que a\u00fan no leen?, editado por Jos\u00e9 Diego Gonz\u00e1lez M., 18-27. Bogot\u00e1: Cerlalc, 2017.<br>Nemours Children\u2019s Health, \u00abLeer libros a los beb\u00e9s\u00bb, Nemours KidsHealth, agosto de 2023.<br>Reyes, Yolanda, \u00abEl tiempo irrepetible de la primera infancia\u00bb, Biblioteca Digital MakeMake (Canal de YouTube), 18 de febrero de 2021.<\/p>\n\n\n\n<p>#PrimeiraInfancia #Forma\u00e7\u00e3oDeLeitores<\/p>\n\n\n\n<p>via Otlet<\/p>\n\n\n\n<p>Dispon\u00edvel em: <a href=\"https:\/\/www.revistaotlet.com\/vale-la-pena-leer-cuentos-a-bebes-menores-de-un-ano\/\">https:\/\/www.revistaotlet.com\/vale-la-pena-leer-cuentos-a-bebes-menores-de-un-ano\/<\/a><\/p>\n","protected":false},"excerpt":{"rendered":"<p>Vale a pena ler hist\u00f3rias para beb\u00eas menores de um ano? Valer ver a bibliografia:Bautista Cote, Mar\u00eda Graciela, \u00abLa literatura infantil: un espacio para la construcci\u00f3n de sentido\u00bb. En Beb\u00e9s lectores. \u00bfC\u00f3mo leen los que a\u00fan no leen?, editado por Jos\u00e9 Diego Gonz\u00e1lez M., 14-17. Bogot\u00e1: Cerlalc, 2017.Cabrejo Parra, Evelio, \u00abLa lectura comienza antes de<\/p><\/div>\n<div class=\"blog-btn\"><a href=\"https:\/\/www.pedroandretta.info\/index\/2025\/06\/vale-a-pena-ler-historias-para-bebes-menores-de-um-ano-otlet\/\" class=\"home-blog-btn\">Ler mais<\/a><\/p>\n","protected":false},"author":1,"featured_media":0,"comment_status":"open","ping_status":"open","sticky":false,"template":"","format":"standard","meta":{"_jetpack_newsletter_access":"","_jetpack_dont_email_post_to_subs":false,"_jetpack_newsletter_tier_id":0,"_jetpack_memberships_contains_paywalled_content":false,"_jetpack_feature_clip_id":0,"_jetpack_memberships_contains_paid_content":false,"footnotes":"","jetpack_publicize_message":"","jetpack_publicize_feature_enabled":true,"jetpack_social_post_already_shared":true,"jetpack_social_options":{"image_generator_settings":{"template":"highway","default_image_id":0,"font":"","enabled":false},"version":2},"jetpack_post_was_ever_published":false},"categories":[21],"tags":[922,1613],"class_list":["post-31379","post","type-post","status-publish","format-standard","hentry","category-informeci","tag-formacaodeleitores","tag-primeirainfancia"],"jetpack_publicize_connections":[],"jetpack_featured_media_url":"","views":"","jetpack_sharing_enabled":true,"_links":{"self":[{"href":"https:\/\/www.pedroandretta.info\/index\/wp-json\/wp\/v2\/posts\/31379","targetHints":{"allow":["GET"]}}],"collection":[{"href":"https:\/\/www.pedroandretta.info\/index\/wp-json\/wp\/v2\/posts"}],"about":[{"href":"https:\/\/www.pedroandretta.info\/index\/wp-json\/wp\/v2\/types\/post"}],"author":[{"embeddable":true,"href":"https:\/\/www.pedroandretta.info\/index\/wp-json\/wp\/v2\/users\/1"}],"replies":[{"embeddable":true,"href":"https:\/\/www.pedroandretta.info\/index\/wp-json\/wp\/v2\/comments?post=31379"}],"version-history":[{"count":0,"href":"https:\/\/www.pedroandretta.info\/index\/wp-json\/wp\/v2\/posts\/31379\/revisions"}],"wp:attachment":[{"href":"https:\/\/www.pedroandretta.info\/index\/wp-json\/wp\/v2\/media?parent=31379"}],"wp:term":[{"taxonomy":"category","embeddable":true,"href":"https:\/\/www.pedroandretta.info\/index\/wp-json\/wp\/v2\/categories?post=31379"},{"taxonomy":"post_tag","embeddable":true,"href":"https:\/\/www.pedroandretta.info\/index\/wp-json\/wp\/v2\/tags?post=31379"}],"curies":[{"name":"wp","href":"https:\/\/api.w.org\/{rel}","templated":true}]}}