{"id":31545,"date":"2025-07-02T13:37:00","date_gmt":"2025-07-02T17:37:00","guid":{"rendered":"https:\/\/www.pedroandretta.info\/index\/?p=31545"},"modified":"2025-06-23T21:41:55","modified_gmt":"2025-06-24T01:41:55","slug":"a-ascensao-da-censura-literaria-nos-estados-unidos-everylibrary-institute","status":"publish","type":"post","link":"https:\/\/www.pedroandretta.info\/index\/2025\/07\/a-ascensao-da-censura-literaria-nos-estados-unidos-everylibrary-institute\/","title":{"rendered":"A Ascens\u00e3o da Censura Liter\u00e1ria nos Estados Unidos \/ EveryLibrary Institute"},"content":{"rendered":"\n<p><strong>A Ascens\u00e3o da Censura Liter\u00e1ria nos Estados Unidos<\/strong>:<strong> uma an\u00e1lise das tend\u00eancias de proibi\u00e7\u00e3o de livros ap\u00f3s 2020<\/strong> \/<strong> EveryLibrary Institute<\/strong><\/p>\n\n\n\n<p>&#8211; A proibi\u00e7\u00e3o de livros \u00e9 cada vez mais motivada por grupos pol\u00edticos e religiosos poderosos, e n\u00e3o por preocupa\u00e7\u00f5es parentais locais.<br>&#8211; Campanhas de censura est\u00e3o intimamente ligadas \u00e0 privatiza\u00e7\u00e3o de escolas e aos esfor\u00e7os contra a diversidade, equidade e inclus\u00e3o (DEI).<br>&#8211; Campanhas coordenadas est\u00e3o nacionalizando o que antes eram conflitos locais dentro dos conselhos escolares.<br>&#8211; A resist\u00eancia est\u00e1 crescendo, principalmente por parte de movimentos liderados por estudantes e estados que aprovam leis sobre o direito \u00e0 leitura.<br>&#8211; O futuro das bibliotecas, da educa\u00e7\u00e3o e das liberdades civis est\u00e1 em um momento cr\u00edtico e exige advocacy urgente.<\/p>\n\n\n\n<p>#Censura<\/p>\n\n\n\n<p>Dispon\u00edvel em: <a href=\"https:\/\/www.everylibraryinstitute.org\/censorship_acceleration_report\">https:\/\/www.everylibraryinstitute.org\/censorship_acceleration_report<\/a><\/p>\n\n\n\n<figure class=\"wp-block-image size-large\"><img data-recalc-dims=\"1\" decoding=\"async\" width=\"461\" height=\"600\" src=\"https:\/\/i0.wp.com\/www.pedroandretta.info\/index\/wp-content\/uploads\/2025\/06\/2025-06-20_15-33-05-768x1000-1.png?resize=461%2C600&#038;ssl=1\" alt=\"\" class=\"wp-image-31546\" srcset=\"https:\/\/i0.wp.com\/www.pedroandretta.info\/index\/wp-content\/uploads\/2025\/06\/2025-06-20_15-33-05-768x1000-1.png?resize=461%2C600&amp;ssl=1 461w, https:\/\/i0.wp.com\/www.pedroandretta.info\/index\/wp-content\/uploads\/2025\/06\/2025-06-20_15-33-05-768x1000-1.png?resize=230%2C300&amp;ssl=1 230w, https:\/\/i0.wp.com\/www.pedroandretta.info\/index\/wp-content\/uploads\/2025\/06\/2025-06-20_15-33-05-768x1000-1.png?w=768&amp;ssl=1 768w\" sizes=\"(max-width: 461px) 100vw, 461px\" \/><\/figure>\n","protected":false},"excerpt":{"rendered":"<p>A Ascens\u00e3o da Censura Liter\u00e1ria nos Estados Unidos: uma an\u00e1lise das tend\u00eancias de proibi\u00e7\u00e3o de livros ap\u00f3s 2020 \/ EveryLibrary Institute &#8211; A proibi\u00e7\u00e3o de livros \u00e9 cada vez mais motivada por grupos pol\u00edticos e religiosos poderosos, e n\u00e3o por preocupa\u00e7\u00f5es parentais locais.&#8211; Campanhas de censura est\u00e3o intimamente ligadas \u00e0 privatiza\u00e7\u00e3o de escolas e aos<\/p><\/div>\n<div class=\"blog-btn\"><a href=\"https:\/\/www.pedroandretta.info\/index\/2025\/07\/a-ascensao-da-censura-literaria-nos-estados-unidos-everylibrary-institute\/\" class=\"home-blog-btn\">Ler mais<\/a><\/p>\n","protected":false},"author":1,"featured_media":0,"comment_status":"open","ping_status":"open","sticky":false,"template":"","format":"standard","meta":{"_jetpack_memberships_contains_paid_content":false,"footnotes":"","jetpack_publicize_message":"","jetpack_publicize_feature_enabled":true,"jetpack_social_post_already_shared":true,"jetpack_social_options":{"image_generator_settings":{"template":"highway","default_image_id":0,"font":"","enabled":false},"version":2}},"categories":[21],"tags":[168],"class_list":["post-31545","post","type-post","status-publish","format-standard","hentry","category-informeci","tag-censura"],"jetpack_publicize_connections":[],"jetpack_featured_media_url":"","views":"","jetpack_sharing_enabled":true,"_links":{"self":[{"href":"https:\/\/www.pedroandretta.info\/index\/wp-json\/wp\/v2\/posts\/31545","targetHints":{"allow":["GET"]}}],"collection":[{"href":"https:\/\/www.pedroandretta.info\/index\/wp-json\/wp\/v2\/posts"}],"about":[{"href":"https:\/\/www.pedroandretta.info\/index\/wp-json\/wp\/v2\/types\/post"}],"author":[{"embeddable":true,"href":"https:\/\/www.pedroandretta.info\/index\/wp-json\/wp\/v2\/users\/1"}],"replies":[{"embeddable":true,"href":"https:\/\/www.pedroandretta.info\/index\/wp-json\/wp\/v2\/comments?post=31545"}],"version-history":[{"count":0,"href":"https:\/\/www.pedroandretta.info\/index\/wp-json\/wp\/v2\/posts\/31545\/revisions"}],"wp:attachment":[{"href":"https:\/\/www.pedroandretta.info\/index\/wp-json\/wp\/v2\/media?parent=31545"}],"wp:term":[{"taxonomy":"category","embeddable":true,"href":"https:\/\/www.pedroandretta.info\/index\/wp-json\/wp\/v2\/categories?post=31545"},{"taxonomy":"post_tag","embeddable":true,"href":"https:\/\/www.pedroandretta.info\/index\/wp-json\/wp\/v2\/tags?post=31545"}],"curies":[{"name":"wp","href":"https:\/\/api.w.org\/{rel}","templated":true}]}}