{"id":31759,"date":"2025-07-08T12:04:39","date_gmt":"2025-07-08T16:04:39","guid":{"rendered":"https:\/\/www.pedroandretta.info\/index\/?p=31759"},"modified":"2025-07-08T12:04:43","modified_gmt":"2025-07-08T16:04:43","slug":"um-panorama-dos-principios-de-dados-fair-teoria-praticas-e-servicos-informacao-informacao","status":"publish","type":"post","link":"https:\/\/www.pedroandretta.info\/index\/2025\/07\/um-panorama-dos-principios-de-dados-fair-teoria-praticas-e-servicos-informacao-informacao\/","title":{"rendered":"Um panorama dos princ\u00edpios de dados FAIR: teoria, pr\u00e1ticas e servi\u00e7os \/ Informa\u00e7\u00e3o &amp; Informa\u00e7\u00e3o"},"content":{"rendered":"\n<p><strong>Um panorama dos princ\u00edpios de dados FAIR: teoria, pr\u00e1ticas e servi\u00e7os \/ Informa\u00e7\u00e3o &amp; Informa\u00e7\u00e3o<\/strong><\/p>\n\n\n\n<p>A cria\u00e7\u00e3o de iniciativas, ferramentas e servi\u00e7os tem crescido de forma constante ao longo dos \u00faltimos anos, desempenhando um papel importante na melhoria da governan\u00e7a e no compartilhamento de dados. Esse crescimento tem promovido uma maior acessibilidade, interoperabilidade e reutiliza\u00e7\u00e3o dos dados, impulsionando avan\u00e7os significativos na efici\u00eancia e na qualidade das pr\u00e1ticas de gest\u00e3o de dados, tanto no meio acad\u00eamico e cient\u00edfico quanto no \u00e2mbito social e empresarial.<\/p>\n\n\n\n<p>#FAIR<\/p>\n\n\n\n<p>Dispon\u00edvel em: <a href=\"https:\/\/ojs.uel.br\/revistas\/uel\/index.php\/informacao\/article\/view\/51782\">https:\/\/ojs.uel.br\/revistas\/uel\/index.php\/informacao\/article\/view\/51782<\/a><\/p>\n\n\n\n<figure class=\"wp-block-image size-large\"><img data-recalc-dims=\"1\" decoding=\"async\" width=\"393\" height=\"600\" src=\"https:\/\/i0.wp.com\/www.pedroandretta.info\/index\/wp-content\/uploads\/2025\/07\/image-8.png?resize=393%2C600&#038;ssl=1\" alt=\"\" class=\"wp-image-31760\" srcset=\"https:\/\/i0.wp.com\/www.pedroandretta.info\/index\/wp-content\/uploads\/2025\/07\/image-8.png?resize=393%2C600&amp;ssl=1 393w, https:\/\/i0.wp.com\/www.pedroandretta.info\/index\/wp-content\/uploads\/2025\/07\/image-8.png?resize=197%2C300&amp;ssl=1 197w, https:\/\/i0.wp.com\/www.pedroandretta.info\/index\/wp-content\/uploads\/2025\/07\/image-8.png?w=491&amp;ssl=1 491w\" sizes=\"(max-width: 393px) 100vw, 393px\" \/><\/figure>\n","protected":false},"excerpt":{"rendered":"<p>Um panorama dos princ\u00edpios de dados FAIR: teoria, pr\u00e1ticas e servi\u00e7os \/ Informa\u00e7\u00e3o &amp; Informa\u00e7\u00e3o A cria\u00e7\u00e3o de iniciativas, ferramentas e servi\u00e7os tem crescido de forma constante ao longo dos \u00faltimos anos, desempenhando um papel importante na melhoria da governan\u00e7a e no compartilhamento de dados. Esse crescimento tem promovido uma maior acessibilidade, interoperabilidade e reutiliza\u00e7\u00e3o<\/p><\/div>\n<div class=\"blog-btn\"><a href=\"https:\/\/www.pedroandretta.info\/index\/2025\/07\/um-panorama-dos-principios-de-dados-fair-teoria-praticas-e-servicos-informacao-informacao\/\" class=\"home-blog-btn\">Ler mais<\/a><\/p>\n","protected":false},"author":1,"featured_media":0,"comment_status":"open","ping_status":"open","sticky":false,"template":"","format":"standard","meta":{"_jetpack_newsletter_access":"","_jetpack_dont_email_post_to_subs":false,"_jetpack_newsletter_tier_id":0,"_jetpack_memberships_contains_paywalled_content":false,"_jetpack_feature_clip_id":0,"_jetpack_memberships_contains_paid_content":false,"footnotes":"","jetpack_publicize_message":"","jetpack_publicize_feature_enabled":true,"jetpack_social_post_already_shared":true,"jetpack_social_options":{"image_generator_settings":{"template":"highway","default_image_id":0,"font":"","enabled":false},"version":2},"jetpack_post_was_ever_published":false},"categories":[21],"tags":[116],"class_list":["post-31759","post","type-post","status-publish","format-standard","hentry","category-informeci","tag-fair"],"jetpack_publicize_connections":[],"jetpack_featured_media_url":"","views":"","jetpack_sharing_enabled":true,"_links":{"self":[{"href":"https:\/\/www.pedroandretta.info\/index\/wp-json\/wp\/v2\/posts\/31759","targetHints":{"allow":["GET"]}}],"collection":[{"href":"https:\/\/www.pedroandretta.info\/index\/wp-json\/wp\/v2\/posts"}],"about":[{"href":"https:\/\/www.pedroandretta.info\/index\/wp-json\/wp\/v2\/types\/post"}],"author":[{"embeddable":true,"href":"https:\/\/www.pedroandretta.info\/index\/wp-json\/wp\/v2\/users\/1"}],"replies":[{"embeddable":true,"href":"https:\/\/www.pedroandretta.info\/index\/wp-json\/wp\/v2\/comments?post=31759"}],"version-history":[{"count":0,"href":"https:\/\/www.pedroandretta.info\/index\/wp-json\/wp\/v2\/posts\/31759\/revisions"}],"wp:attachment":[{"href":"https:\/\/www.pedroandretta.info\/index\/wp-json\/wp\/v2\/media?parent=31759"}],"wp:term":[{"taxonomy":"category","embeddable":true,"href":"https:\/\/www.pedroandretta.info\/index\/wp-json\/wp\/v2\/categories?post=31759"},{"taxonomy":"post_tag","embeddable":true,"href":"https:\/\/www.pedroandretta.info\/index\/wp-json\/wp\/v2\/tags?post=31759"}],"curies":[{"name":"wp","href":"https:\/\/api.w.org\/{rel}","templated":true}]}}