{"id":31842,"date":"2025-07-12T21:46:45","date_gmt":"2025-07-13T01:46:45","guid":{"rendered":"https:\/\/www.pedroandretta.info\/index\/?p=31842"},"modified":"2025-07-12T21:46:50","modified_gmt":"2025-07-13T01:46:50","slug":"trajetoria-historica-do-curso-de-biblioteconomia-da-universidade-federal-do-ceara-e-suas-alteracoes-curriculares-1964-2024-rbbd","status":"publish","type":"post","link":"https:\/\/www.pedroandretta.info\/index\/2025\/07\/trajetoria-historica-do-curso-de-biblioteconomia-da-universidade-federal-do-ceara-e-suas-alteracoes-curriculares-1964-2024-rbbd\/","title":{"rendered":"Trajet\u00f3ria hist\u00f3rica do curso de Biblioteconomia da Universidade Federal do Cear\u00e1 e suas altera\u00e7\u00f5es curriculares (1964-2024) \/ RBBD"},"content":{"rendered":"\n<p><strong>Trajet\u00f3ria hist\u00f3rica do curso de Biblioteconomia da Universidade Federal do Cear\u00e1 e suas altera\u00e7\u00f5es curriculares (1964-2024) \/ RBBD<\/strong><\/p>\n\n\n\n<p>Na \u00faltima avalia\u00e7\u00e3o pelo MEC em 2023, o curso obteve nota m\u00e1xima e foi reconhecido como de excel\u00eancia. O artigo conclui destacando a import\u00e2ncia do sexag\u00e9simo anivers\u00e1rio do curso e expressa votos de que ele continue a promover projetos de ensino, pesquisa e extens\u00e3o de alta qualidade, atendendo \u00e0s demandas da sociedade cearense e contribuindo para o desenvolvimento da profiss\u00e3o.<\/p>\n\n\n\n<p>#EnsinoDeBiblioteconomia #UFC<\/p>\n\n\n\n<p>Dispon\u00edvel em: <a href=\"https:\/\/rbbd.febab.org.br\/rbbd\/article\/view\/2088\">https:\/\/rbbd.febab.org.br\/rbbd\/article\/view\/2088<\/a><\/p>\n\n\n\n<figure class=\"wp-block-image size-large\"><img data-recalc-dims=\"1\" decoding=\"async\" width=\"384\" height=\"600\" src=\"https:\/\/i0.wp.com\/www.pedroandretta.info\/index\/wp-content\/uploads\/2025\/07\/image-30.png?resize=384%2C600&#038;ssl=1\" alt=\"\" class=\"wp-image-31843\" srcset=\"https:\/\/i0.wp.com\/www.pedroandretta.info\/index\/wp-content\/uploads\/2025\/07\/image-30.png?resize=384%2C600&amp;ssl=1 384w, https:\/\/i0.wp.com\/www.pedroandretta.info\/index\/wp-content\/uploads\/2025\/07\/image-30.png?resize=192%2C300&amp;ssl=1 192w, https:\/\/i0.wp.com\/www.pedroandretta.info\/index\/wp-content\/uploads\/2025\/07\/image-30.png?w=671&amp;ssl=1 671w\" sizes=\"(max-width: 384px) 100vw, 384px\" \/><\/figure>\n","protected":false},"excerpt":{"rendered":"<p>Trajet\u00f3ria hist\u00f3rica do curso de Biblioteconomia da Universidade Federal do Cear\u00e1 e suas altera\u00e7\u00f5es curriculares (1964-2024) \/ RBBD Na \u00faltima avalia\u00e7\u00e3o pelo MEC em 2023, o curso obteve nota m\u00e1xima e foi reconhecido como de excel\u00eancia. O artigo conclui destacando a import\u00e2ncia do sexag\u00e9simo anivers\u00e1rio do curso e expressa votos de que ele continue a<\/p><\/div>\n<div class=\"blog-btn\"><a href=\"https:\/\/www.pedroandretta.info\/index\/2025\/07\/trajetoria-historica-do-curso-de-biblioteconomia-da-universidade-federal-do-ceara-e-suas-alteracoes-curriculares-1964-2024-rbbd\/\" class=\"home-blog-btn\">Ler mais<\/a><\/p>\n","protected":false},"author":1,"featured_media":0,"comment_status":"open","ping_status":"open","sticky":false,"template":"","format":"standard","meta":{"_jetpack_memberships_contains_paid_content":false,"footnotes":"","jetpack_publicize_message":"","jetpack_publicize_feature_enabled":true,"jetpack_social_post_already_shared":true,"jetpack_social_options":{"image_generator_settings":{"template":"highway","default_image_id":0,"font":"","enabled":false},"version":2}},"categories":[21],"tags":[1589,1078],"class_list":["post-31842","post","type-post","status-publish","format-standard","hentry","category-informeci","tag-ensinodebiblioteconomia","tag-ufc"],"jetpack_publicize_connections":[],"jetpack_featured_media_url":"","views":"","jetpack_sharing_enabled":true,"_links":{"self":[{"href":"https:\/\/www.pedroandretta.info\/index\/wp-json\/wp\/v2\/posts\/31842","targetHints":{"allow":["GET"]}}],"collection":[{"href":"https:\/\/www.pedroandretta.info\/index\/wp-json\/wp\/v2\/posts"}],"about":[{"href":"https:\/\/www.pedroandretta.info\/index\/wp-json\/wp\/v2\/types\/post"}],"author":[{"embeddable":true,"href":"https:\/\/www.pedroandretta.info\/index\/wp-json\/wp\/v2\/users\/1"}],"replies":[{"embeddable":true,"href":"https:\/\/www.pedroandretta.info\/index\/wp-json\/wp\/v2\/comments?post=31842"}],"version-history":[{"count":0,"href":"https:\/\/www.pedroandretta.info\/index\/wp-json\/wp\/v2\/posts\/31842\/revisions"}],"wp:attachment":[{"href":"https:\/\/www.pedroandretta.info\/index\/wp-json\/wp\/v2\/media?parent=31842"}],"wp:term":[{"taxonomy":"category","embeddable":true,"href":"https:\/\/www.pedroandretta.info\/index\/wp-json\/wp\/v2\/categories?post=31842"},{"taxonomy":"post_tag","embeddable":true,"href":"https:\/\/www.pedroandretta.info\/index\/wp-json\/wp\/v2\/tags?post=31842"}],"curies":[{"name":"wp","href":"https:\/\/api.w.org\/{rel}","templated":true}]}}