{"id":31901,"date":"2025-07-16T17:44:06","date_gmt":"2025-07-16T21:44:06","guid":{"rendered":"https:\/\/www.pedroandretta.info\/index\/?p=31901"},"modified":"2025-07-16T17:44:10","modified_gmt":"2025-07-16T21:44:10","slug":"gerador-de-videos-de-ia-do-google-turbina-conteudos-racistas-e-misoginos-no-tiktok-nucleo","status":"publish","type":"post","link":"https:\/\/www.pedroandretta.info\/index\/2025\/07\/gerador-de-videos-de-ia-do-google-turbina-conteudos-racistas-e-misoginos-no-tiktok-nucleo\/","title":{"rendered":"Gerador de v\u00eddeos de IA do Google turbina conte\u00fados racistas e mis\u00f3ginos no TikTok \/ N\u00facleo"},"content":{"rendered":"\n<p><strong>Gerador de v\u00eddeos de IA do Google turbina conte\u00fados racistas e mis\u00f3ginos no TikTok<\/strong><\/p>\n\n\n\n<p>O Veo 3, gerador de v\u00eddeos artificiais hiper-realistas do Google, vem sendo usado para disseminar teorias conspirat\u00f3rias, discursos racistas e antissemitas e desinforma\u00e7\u00e3o no TikTok. O N\u00facleo identificou v\u00eddeos que acumulam milh\u00f5es de visualiza\u00e7\u00f5es.<\/p>\n\n\n\n<p>Uma an\u00e1lise sobre hashtags relacionadas ao Veo 3 no TikTok revela uma disfarce de humor com discursos de \u00f3dio que se repetem entre usu\u00e1rios brasileiros. Muitos dos posts analisados tamb\u00e9m n\u00e3o deixam claro que o conte\u00fado foi gerado por IA, o que pode confundir os usu\u00e1rios. Um estudo recente aponta que apenas 0.1% das pessoas conseguem identificar deepfakes sem errar.<\/p>\n\n\n\n<p>#TikTok #Veo3 #Deepfakes #V\u00eddeo #Google #Racismo #Misogenia<\/p>\n\n\n\n<p>via N\u00facleo<\/p>\n\n\n\n<p>Dispon\u00edvel em: <a href=\"https:\/\/nucleo.jor.br\/reportagem\/2025-07-15-ia-realista-do-google-veo3-videos-racistas-misoginos\/\">https:\/\/nucleo.jor.br\/reportagem\/2025-07-15-ia-realista-do-google-veo3-videos-racistas-misoginos\/<\/a><\/p>\n\n\n\n<figure class=\"wp-block-image size-large\"><img data-recalc-dims=\"1\" decoding=\"async\" width=\"600\" height=\"460\" src=\"https:\/\/i0.wp.com\/www.pedroandretta.info\/index\/wp-content\/uploads\/2025\/07\/image-45.png?resize=600%2C460&#038;ssl=1\" alt=\"\" class=\"wp-image-31902\" srcset=\"https:\/\/i0.wp.com\/www.pedroandretta.info\/index\/wp-content\/uploads\/2025\/07\/image-45.png?resize=600%2C460&amp;ssl=1 600w, https:\/\/i0.wp.com\/www.pedroandretta.info\/index\/wp-content\/uploads\/2025\/07\/image-45.png?resize=300%2C230&amp;ssl=1 300w, https:\/\/i0.wp.com\/www.pedroandretta.info\/index\/wp-content\/uploads\/2025\/07\/image-45.png?resize=768%2C589&amp;ssl=1 768w, https:\/\/i0.wp.com\/www.pedroandretta.info\/index\/wp-content\/uploads\/2025\/07\/image-45.png?w=1062&amp;ssl=1 1062w\" sizes=\"(max-width: 600px) 100vw, 600px\" \/><\/figure>\n","protected":false},"excerpt":{"rendered":"<p>Gerador de v\u00eddeos de IA do Google turbina conte\u00fados racistas e mis\u00f3ginos no TikTok O Veo 3, gerador de v\u00eddeos artificiais hiper-realistas do Google, vem sendo usado para disseminar teorias conspirat\u00f3rias, discursos racistas e antissemitas e desinforma\u00e7\u00e3o no TikTok. O N\u00facleo identificou v\u00eddeos que acumulam milh\u00f5es de visualiza\u00e7\u00f5es. Uma an\u00e1lise sobre hashtags relacionadas ao Veo<\/p><\/div>\n<div class=\"blog-btn\"><a href=\"https:\/\/www.pedroandretta.info\/index\/2025\/07\/gerador-de-videos-de-ia-do-google-turbina-conteudos-racistas-e-misoginos-no-tiktok-nucleo\/\" class=\"home-blog-btn\">Ler mais<\/a><\/p>\n","protected":false},"author":1,"featured_media":0,"comment_status":"open","ping_status":"open","sticky":false,"template":"","format":"standard","meta":{"_jetpack_newsletter_access":"","_jetpack_dont_email_post_to_subs":false,"_jetpack_newsletter_tier_id":0,"_jetpack_memberships_contains_paywalled_content":false,"_jetpack_feature_clip_id":0,"_jetpack_memberships_contains_paid_content":false,"footnotes":"","jetpack_publicize_message":"","jetpack_publicize_feature_enabled":true,"jetpack_social_post_already_shared":true,"jetpack_social_options":{"image_generator_settings":{"template":"highway","default_image_id":0,"font":"","enabled":false},"version":2},"jetpack_post_was_ever_published":false},"categories":[21],"tags":[2601,42,2719,247,596,3941,3663],"class_list":["post-31901","post","type-post","status-publish","format-standard","hentry","category-informeci","tag-deepfake","tag-google","tag-misoginia","tag-racismo","tag-tiktok","tag-veo3","tag-videos-2"],"jetpack_publicize_connections":[],"jetpack_featured_media_url":"","views":"","jetpack_sharing_enabled":true,"_links":{"self":[{"href":"https:\/\/www.pedroandretta.info\/index\/wp-json\/wp\/v2\/posts\/31901","targetHints":{"allow":["GET"]}}],"collection":[{"href":"https:\/\/www.pedroandretta.info\/index\/wp-json\/wp\/v2\/posts"}],"about":[{"href":"https:\/\/www.pedroandretta.info\/index\/wp-json\/wp\/v2\/types\/post"}],"author":[{"embeddable":true,"href":"https:\/\/www.pedroandretta.info\/index\/wp-json\/wp\/v2\/users\/1"}],"replies":[{"embeddable":true,"href":"https:\/\/www.pedroandretta.info\/index\/wp-json\/wp\/v2\/comments?post=31901"}],"version-history":[{"count":0,"href":"https:\/\/www.pedroandretta.info\/index\/wp-json\/wp\/v2\/posts\/31901\/revisions"}],"wp:attachment":[{"href":"https:\/\/www.pedroandretta.info\/index\/wp-json\/wp\/v2\/media?parent=31901"}],"wp:term":[{"taxonomy":"category","embeddable":true,"href":"https:\/\/www.pedroandretta.info\/index\/wp-json\/wp\/v2\/categories?post=31901"},{"taxonomy":"post_tag","embeddable":true,"href":"https:\/\/www.pedroandretta.info\/index\/wp-json\/wp\/v2\/tags?post=31901"}],"curies":[{"name":"wp","href":"https:\/\/api.w.org\/{rel}","templated":true}]}}