{"id":32122,"date":"2025-07-27T14:58:00","date_gmt":"2025-07-27T18:58:00","guid":{"rendered":"https:\/\/www.pedroandretta.info\/index\/?p=32122"},"modified":"2025-07-27T14:03:20","modified_gmt":"2025-07-27T18:03:20","slug":"redes-de-colaboracao-academica-na-biblioteconomia-e-ciencia-da-informacao-scientometrics","status":"publish","type":"post","link":"https:\/\/www.pedroandretta.info\/index\/2025\/07\/redes-de-colaboracao-academica-na-biblioteconomia-e-ciencia-da-informacao-scientometrics\/","title":{"rendered":"Redes de colabora\u00e7\u00e3o acad\u00eamica na Biblioteconomia e Ci\u00eancia da Informa\u00e7\u00e3o \/ Scientometrics"},"content":{"rendered":"\n<p><strong>Redes de colabora\u00e7\u00e3o acad\u00eamica na Biblioteconomia e Ci\u00eancia da Informa\u00e7\u00e3o \/ Scientometrics<\/strong><\/p>\n\n\n\n<p>Este estudo examina padr\u00f5es de colabora\u00e7\u00e3o por meio da an\u00e1lise de coautoria de 142.983 publica\u00e7\u00f5es em BI entre 1900 e 2023, empregando an\u00e1lise de redes sociais para investigar a estrutura topol\u00f3gica, tend\u00eancias de conex\u00e3o e divis\u00e3o da comunidade dentro de redes de colabora\u00e7\u00e3o acad\u00eamica sob m\u00faltiplas perspectivas. Nossos resultados revelam uma mudan\u00e7a significativa de esfor\u00e7os individuais para colabora\u00e7\u00e3o em equipe na pesquisa acad\u00eamica, com redes de colabora\u00e7\u00e3o exibindo propriedades distintas de mundo pequeno que podem facilitar a dissemina\u00e7\u00e3o eficiente do conhecimento. Embora as redes de colabora\u00e7\u00e3o exibam alta transitividade e agrupamento, a distribui\u00e7\u00e3o das comunidades acad\u00eamicas \u00e9 influenciada por fronteiras nacionais e proximidade geogr\u00e1fica.<\/p>\n\n\n\n<p>#Colabra\u00e7\u00e3oCient\u00edfica #An\u00e1liseDeRedesSociais #CoAutoria<\/p>\n\n\n\n<p>Dispon\u00edvel em: <a href=\"https:\/\/link.springer.com\/article\/10.1007\/s11192-025-05334-x\">https:\/\/link.springer.com\/article\/10.1007\/s11192-025-05334-x<\/a><\/p>\n\n\n\n<figure class=\"wp-block-image size-large\"><img data-recalc-dims=\"1\" decoding=\"async\" width=\"388\" height=\"600\" src=\"https:\/\/i0.wp.com\/www.pedroandretta.info\/index\/wp-content\/uploads\/2025\/07\/image-105.png?resize=388%2C600&#038;ssl=1\" alt=\"\" class=\"wp-image-32123\" srcset=\"https:\/\/i0.wp.com\/www.pedroandretta.info\/index\/wp-content\/uploads\/2025\/07\/image-105.png?resize=388%2C600&amp;ssl=1 388w, https:\/\/i0.wp.com\/www.pedroandretta.info\/index\/wp-content\/uploads\/2025\/07\/image-105.png?resize=194%2C300&amp;ssl=1 194w, https:\/\/i0.wp.com\/www.pedroandretta.info\/index\/wp-content\/uploads\/2025\/07\/image-105.png?w=513&amp;ssl=1 513w\" sizes=\"(max-width: 388px) 100vw, 388px\" \/><\/figure>\n","protected":false},"excerpt":{"rendered":"<p>Redes de colabora\u00e7\u00e3o acad\u00eamica na Biblioteconomia e Ci\u00eancia da Informa\u00e7\u00e3o \/ Scientometrics Este estudo examina padr\u00f5es de colabora\u00e7\u00e3o por meio da an\u00e1lise de coautoria de 142.983 publica\u00e7\u00f5es em BI entre 1900 e 2023, empregando an\u00e1lise de redes sociais para investigar a estrutura topol\u00f3gica, tend\u00eancias de conex\u00e3o e divis\u00e3o da comunidade dentro de redes de colabora\u00e7\u00e3o<\/p><\/div>\n<div class=\"blog-btn\"><a href=\"https:\/\/www.pedroandretta.info\/index\/2025\/07\/redes-de-colaboracao-academica-na-biblioteconomia-e-ciencia-da-informacao-scientometrics\/\" class=\"home-blog-btn\">Ler mais<\/a><\/p>\n","protected":false},"author":1,"featured_media":0,"comment_status":"open","ping_status":"open","sticky":false,"template":"","format":"standard","meta":{"_jetpack_memberships_contains_paid_content":false,"footnotes":"","jetpack_publicize_message":"","jetpack_publicize_feature_enabled":true,"jetpack_social_post_already_shared":true,"jetpack_social_options":{"image_generator_settings":{"template":"highway","default_image_id":0,"font":"","enabled":false},"version":2}},"categories":[21],"tags":[2532,1999,2842],"class_list":["post-32122","post","type-post","status-publish","format-standard","hentry","category-informeci","tag-analisederedessociais","tag-coautoria","tag-colaboracaocientifica"],"jetpack_publicize_connections":[],"jetpack_featured_media_url":"","views":"","jetpack_sharing_enabled":true,"_links":{"self":[{"href":"https:\/\/www.pedroandretta.info\/index\/wp-json\/wp\/v2\/posts\/32122","targetHints":{"allow":["GET"]}}],"collection":[{"href":"https:\/\/www.pedroandretta.info\/index\/wp-json\/wp\/v2\/posts"}],"about":[{"href":"https:\/\/www.pedroandretta.info\/index\/wp-json\/wp\/v2\/types\/post"}],"author":[{"embeddable":true,"href":"https:\/\/www.pedroandretta.info\/index\/wp-json\/wp\/v2\/users\/1"}],"replies":[{"embeddable":true,"href":"https:\/\/www.pedroandretta.info\/index\/wp-json\/wp\/v2\/comments?post=32122"}],"version-history":[{"count":0,"href":"https:\/\/www.pedroandretta.info\/index\/wp-json\/wp\/v2\/posts\/32122\/revisions"}],"wp:attachment":[{"href":"https:\/\/www.pedroandretta.info\/index\/wp-json\/wp\/v2\/media?parent=32122"}],"wp:term":[{"taxonomy":"category","embeddable":true,"href":"https:\/\/www.pedroandretta.info\/index\/wp-json\/wp\/v2\/categories?post=32122"},{"taxonomy":"post_tag","embeddable":true,"href":"https:\/\/www.pedroandretta.info\/index\/wp-json\/wp\/v2\/tags?post=32122"}],"curies":[{"name":"wp","href":"https:\/\/api.w.org\/{rel}","templated":true}]}}