{"id":32152,"date":"2025-07-30T06:52:38","date_gmt":"2025-07-30T10:52:38","guid":{"rendered":"https:\/\/www.pedroandretta.info\/index\/?p=32152"},"modified":"2025-07-30T06:52:43","modified_gmt":"2025-07-30T10:52:43","slug":"os-discursos-ainda-permitidos-as-condutas-da-censura-e-as-implicacoes-na-atuacao-do-bibliotecario-entrevista-com-marcycleis-cavalcanti-divulga-ci","status":"publish","type":"post","link":"https:\/\/www.pedroandretta.info\/index\/2025\/07\/os-discursos-ainda-permitidos-as-condutas-da-censura-e-as-implicacoes-na-atuacao-do-bibliotecario-entrevista-com-marcycleis-cavalcanti-divulga-ci\/","title":{"rendered":"Os discursos ainda permitidos, as condutas da censura e as implica\u00e7\u00f5es na atua\u00e7\u00e3o do bibliotec\u00e1rio \u2013 Entrevista com Marcycleis\u00a0 Cavalcanti \/ Divulga-CI"},"content":{"rendered":"\n<p><strong>Os discursos ainda permitidos, as condutas da censura e as implica\u00e7\u00f5es na atua\u00e7\u00e3o do bibliotec\u00e1rio \u2013 Entrevista com Marcycleis\u00a0 Cavalcanti \/ Divulga-CI<\/strong><\/p>\n\n\n\n<p>Confira nossa entrevista com a pesquisadora Marcycleis Maria Cavalcanti, mestre em Ci\u00eancia da Informa\u00e7\u00e3o pela Universidade Federal da Para\u00edba. Em sua disserta\u00e7\u00e3o, Marcycleis investigou os impactos da censura na atua\u00e7\u00e3o profissional dos bibliotec\u00e1rios no Brasil, mesmo ap\u00f3s sua extin\u00e7\u00e3o oficial, mostrando e refletindo sobre como as pr\u00e1ticas repressivas persistem e amea\u00e7am o direito \u00e0 informa\u00e7\u00e3o. Na entrevista, a trajet\u00f3ria e a experi\u00eancia da pesquisadora.<\/p>\n\n\n\n<p>via Divulga-CI<\/p>\n\n\n\n<p>Dispon\u00edvel em: <a href=\"https:\/\/www.divulgaci.labci.online\/v-3-n-7-jul-2025\/os-discursos-ainda-permitidos-as-condutas-da-censura-e-as-implicacoes-na-atuacao-do-bibliotecario-entrevista-com-marcycleis-cavalcanti\/\">https:\/\/www.divulgaci.labci.online\/v-3-n-7-jul-2025\/os-discursos-ainda-permitidos-as-condutas-da-censura-e-as-implicacoes-na-atuacao-do-bibliotecario-entrevista-com-marcycleis-cavalcanti\/<\/a><\/p>\n\n\n\n<figure class=\"wp-block-image size-large\"><img data-recalc-dims=\"1\" decoding=\"async\" width=\"424\" height=\"600\" src=\"https:\/\/i0.wp.com\/www.pedroandretta.info\/index\/wp-content\/uploads\/2025\/07\/image-114.png?resize=424%2C600&#038;ssl=1\" alt=\"\" class=\"wp-image-32153\" srcset=\"https:\/\/i0.wp.com\/www.pedroandretta.info\/index\/wp-content\/uploads\/2025\/07\/image-114.png?resize=424%2C600&amp;ssl=1 424w, https:\/\/i0.wp.com\/www.pedroandretta.info\/index\/wp-content\/uploads\/2025\/07\/image-114.png?resize=212%2C300&amp;ssl=1 212w, https:\/\/i0.wp.com\/www.pedroandretta.info\/index\/wp-content\/uploads\/2025\/07\/image-114.png?w=549&amp;ssl=1 549w\" sizes=\"(max-width: 424px) 100vw, 424px\" \/><\/figure>\n","protected":false},"excerpt":{"rendered":"<p>Os discursos ainda permitidos, as condutas da censura e as implica\u00e7\u00f5es na atua\u00e7\u00e3o do bibliotec\u00e1rio \u2013 Entrevista com Marcycleis\u00a0 Cavalcanti \/ Divulga-CI Confira nossa entrevista com a pesquisadora Marcycleis Maria Cavalcanti, mestre em Ci\u00eancia da Informa\u00e7\u00e3o pela Universidade Federal da Para\u00edba. Em sua disserta\u00e7\u00e3o, Marcycleis investigou os impactos da censura na atua\u00e7\u00e3o profissional dos bibliotec\u00e1rios<\/p><\/div>\n<div class=\"blog-btn\"><a href=\"https:\/\/www.pedroandretta.info\/index\/2025\/07\/os-discursos-ainda-permitidos-as-condutas-da-censura-e-as-implicacoes-na-atuacao-do-bibliotecario-entrevista-com-marcycleis-cavalcanti-divulga-ci\/\" class=\"home-blog-btn\">Ler mais<\/a><\/p>\n","protected":false},"author":1,"featured_media":0,"comment_status":"open","ping_status":"open","sticky":false,"template":"","format":"standard","meta":{"_jetpack_memberships_contains_paid_content":false,"footnotes":"","jetpack_publicize_message":"","jetpack_publicize_feature_enabled":true,"jetpack_social_post_already_shared":true,"jetpack_social_options":{"image_generator_settings":{"template":"highway","default_image_id":0,"font":"","enabled":false},"version":2}},"categories":[21],"tags":[168,601],"class_list":["post-32152","post","type-post","status-publish","format-standard","hentry","category-informeci","tag-censura","tag-entrevista"],"jetpack_publicize_connections":[],"jetpack_featured_media_url":"","views":"","jetpack_sharing_enabled":true,"_links":{"self":[{"href":"https:\/\/www.pedroandretta.info\/index\/wp-json\/wp\/v2\/posts\/32152","targetHints":{"allow":["GET"]}}],"collection":[{"href":"https:\/\/www.pedroandretta.info\/index\/wp-json\/wp\/v2\/posts"}],"about":[{"href":"https:\/\/www.pedroandretta.info\/index\/wp-json\/wp\/v2\/types\/post"}],"author":[{"embeddable":true,"href":"https:\/\/www.pedroandretta.info\/index\/wp-json\/wp\/v2\/users\/1"}],"replies":[{"embeddable":true,"href":"https:\/\/www.pedroandretta.info\/index\/wp-json\/wp\/v2\/comments?post=32152"}],"version-history":[{"count":0,"href":"https:\/\/www.pedroandretta.info\/index\/wp-json\/wp\/v2\/posts\/32152\/revisions"}],"wp:attachment":[{"href":"https:\/\/www.pedroandretta.info\/index\/wp-json\/wp\/v2\/media?parent=32152"}],"wp:term":[{"taxonomy":"category","embeddable":true,"href":"https:\/\/www.pedroandretta.info\/index\/wp-json\/wp\/v2\/categories?post=32152"},{"taxonomy":"post_tag","embeddable":true,"href":"https:\/\/www.pedroandretta.info\/index\/wp-json\/wp\/v2\/tags?post=32152"}],"curies":[{"name":"wp","href":"https:\/\/api.w.org\/{rel}","templated":true}]}}