{"id":32167,"date":"2025-07-30T20:44:46","date_gmt":"2025-07-31T00:44:46","guid":{"rendered":"https:\/\/www.pedroandretta.info\/index\/?p=32167"},"modified":"2025-07-30T20:44:50","modified_gmt":"2025-07-31T00:44:50","slug":"o-papel-do-redator-revisor-tecnico-na-documentacao-de-software-gutenberg-revista-de-producao-editorial","status":"publish","type":"post","link":"https:\/\/www.pedroandretta.info\/index\/2025\/07\/o-papel-do-redator-revisor-tecnico-na-documentacao-de-software-gutenberg-revista-de-producao-editorial\/","title":{"rendered":"O papel do redator-revisor t\u00e9cnico na documenta\u00e7\u00e3o de software \/ Gutenberg &#8211; Revista De Produ\u00e7\u00e3o Editorial"},"content":{"rendered":"\n<p><strong>O papel do redator-revisor t\u00e9cnico na documenta\u00e7\u00e3o de software \/ Gutenberg &#8211; Revista De Produ\u00e7\u00e3o Editorial<\/strong><\/p>\n\n\n\n<p>Conclui-se que o trabalho do redator-revisor-t\u00e9cnico n\u00e3o termina com a cria\u00e7\u00e3o do manual, sendo necess\u00e1rio revis\u00e3o cont\u00ednua, \u00e0 medida que o software evolui. Ressalta-se a import\u00e2ncia da integra\u00e7\u00e3o entre revis\u00e3o de textos e reda\u00e7\u00e3o t\u00e9cnica, demonstrando a versatilidade e as amplas compet\u00eancias exigidas nessa \u00e1rea.<\/p>\n\n\n\n<p>#Media\u00e7\u00e3oEditorial<\/p>\n\n\n\n<p>Dispon\u00edvel em: <a href=\"https:\/\/periodicos.ufsm.br\/gutenberg\/article\/view\/85503\">https:\/\/periodicos.ufsm.br\/gutenberg\/article\/view\/85503<\/a><\/p>\n\n\n\n<figure class=\"wp-block-image size-large\"><img data-recalc-dims=\"1\" decoding=\"async\" width=\"424\" height=\"600\" src=\"https:\/\/i0.wp.com\/www.pedroandretta.info\/index\/wp-content\/uploads\/2025\/07\/image-119.png?resize=424%2C600&#038;ssl=1\" alt=\"\" class=\"wp-image-32168\" srcset=\"https:\/\/i0.wp.com\/www.pedroandretta.info\/index\/wp-content\/uploads\/2025\/07\/image-119.png?resize=424%2C600&amp;ssl=1 424w, https:\/\/i0.wp.com\/www.pedroandretta.info\/index\/wp-content\/uploads\/2025\/07\/image-119.png?resize=212%2C300&amp;ssl=1 212w, https:\/\/i0.wp.com\/www.pedroandretta.info\/index\/wp-content\/uploads\/2025\/07\/image-119.png?w=542&amp;ssl=1 542w\" sizes=\"(max-width: 424px) 100vw, 424px\" \/><\/figure>\n","protected":false},"excerpt":{"rendered":"<p>O papel do redator-revisor t\u00e9cnico na documenta\u00e7\u00e3o de software \/ Gutenberg &#8211; Revista De Produ\u00e7\u00e3o Editorial Conclui-se que o trabalho do redator-revisor-t\u00e9cnico n\u00e3o termina com a cria\u00e7\u00e3o do manual, sendo necess\u00e1rio revis\u00e3o cont\u00ednua, \u00e0 medida que o software evolui. Ressalta-se a import\u00e2ncia da integra\u00e7\u00e3o entre revis\u00e3o de textos e reda\u00e7\u00e3o t\u00e9cnica, demonstrando a versatilidade e<\/p><\/div>\n<div class=\"blog-btn\"><a href=\"https:\/\/www.pedroandretta.info\/index\/2025\/07\/o-papel-do-redator-revisor-tecnico-na-documentacao-de-software-gutenberg-revista-de-producao-editorial\/\" class=\"home-blog-btn\">Ler mais<\/a><\/p>\n","protected":false},"author":1,"featured_media":0,"comment_status":"open","ping_status":"open","sticky":false,"template":"","format":"standard","meta":{"_jetpack_newsletter_access":"","_jetpack_dont_email_post_to_subs":false,"_jetpack_newsletter_tier_id":0,"_jetpack_memberships_contains_paywalled_content":false,"_jetpack_feature_clip_id":0,"_jetpack_memberships_contains_paid_content":false,"footnotes":"","jetpack_publicize_message":"","jetpack_publicize_feature_enabled":true,"jetpack_social_post_already_shared":true,"jetpack_social_options":{"image_generator_settings":{"template":"highway","default_image_id":0,"font":"","enabled":false},"version":2},"jetpack_post_was_ever_published":false},"categories":[21],"tags":[425],"class_list":["post-32167","post","type-post","status-publish","format-standard","hentry","category-informeci","tag-mediacaoeditorial"],"jetpack_publicize_connections":[],"jetpack_featured_media_url":"","views":"","jetpack_sharing_enabled":true,"_links":{"self":[{"href":"https:\/\/www.pedroandretta.info\/index\/wp-json\/wp\/v2\/posts\/32167","targetHints":{"allow":["GET"]}}],"collection":[{"href":"https:\/\/www.pedroandretta.info\/index\/wp-json\/wp\/v2\/posts"}],"about":[{"href":"https:\/\/www.pedroandretta.info\/index\/wp-json\/wp\/v2\/types\/post"}],"author":[{"embeddable":true,"href":"https:\/\/www.pedroandretta.info\/index\/wp-json\/wp\/v2\/users\/1"}],"replies":[{"embeddable":true,"href":"https:\/\/www.pedroandretta.info\/index\/wp-json\/wp\/v2\/comments?post=32167"}],"version-history":[{"count":0,"href":"https:\/\/www.pedroandretta.info\/index\/wp-json\/wp\/v2\/posts\/32167\/revisions"}],"wp:attachment":[{"href":"https:\/\/www.pedroandretta.info\/index\/wp-json\/wp\/v2\/media?parent=32167"}],"wp:term":[{"taxonomy":"category","embeddable":true,"href":"https:\/\/www.pedroandretta.info\/index\/wp-json\/wp\/v2\/categories?post=32167"},{"taxonomy":"post_tag","embeddable":true,"href":"https:\/\/www.pedroandretta.info\/index\/wp-json\/wp\/v2\/tags?post=32167"}],"curies":[{"name":"wp","href":"https:\/\/api.w.org\/{rel}","templated":true}]}}