{"id":32178,"date":"2025-07-31T14:58:10","date_gmt":"2025-07-31T18:58:10","guid":{"rendered":"https:\/\/www.pedroandretta.info\/index\/?p=32178"},"modified":"2025-07-31T14:58:15","modified_gmt":"2025-07-31T18:58:15","slug":"racismo-algoritmico-e-a-cor-da-pele-que-ainda-pesa-nos-dados-da-ia-bits-da-biblio","status":"publish","type":"post","link":"https:\/\/www.pedroandretta.info\/index\/2025\/07\/racismo-algoritmico-e-a-cor-da-pele-que-ainda-pesa-nos-dados-da-ia-bits-da-biblio\/","title":{"rendered":"Racismo algor\u00edtmico e a cor da pele que ainda pesa nos dados da IA \/ Bits da Biblio"},"content":{"rendered":"\n<p><strong>Racismo algor\u00edtmico e a cor da pele que ainda pesa nos dados da IA \/ Bits da Biblio<\/strong><\/p>\n\n\n\n<p>A m\u00e1quina n\u00e3o inventa o racismo. Ela o reproduz, com selo de precis\u00e3o, sem culpa, sem rosto. Como se fosse t\u00e9cnica, mas \u00e9 pol\u00edtica.<\/p>\n\n\n\n<p>E afeta vidas reais, como a de Robert Williams, preso por um crime que n\u00e3o cometeu, por causa de um sistema de reconhecimento facial que confundiu um rosto negro com outro. Esse n\u00e3o \u00e9 um caso isolado.<\/p>\n\n\n\n<p>E a situa\u00e7\u00e3o piora quando ampliamos o foco. As IAs generativas, por exemplo, refor\u00e7am o padr\u00e3o branco como norma. Quando pedimos para criar imagens de pessoas, os resultados mostram uma l\u00f3gica clara: brancos aparecem como refer\u00eancia, negros como exce\u00e7\u00e3o. E quando aparecem, v\u00eam carregados de estere\u00f3tipos.<\/p>\n\n\n\n<p>#RacismoAlgor\u00edtmico<\/p>\n\n\n\n<p>via Bits da Biblio<\/p>\n\n\n\n<p>Dispon\u00edvel em: <a href=\"https:\/\/bitsdabiblio.substack.com\/p\/bit-125-racismo-algoritmico-e-a-cor\">https:\/\/bitsdabiblio.substack.com\/p\/bit-125-racismo-algoritmico-e-a-cor<\/a><\/p>\n\n\n\n<figure class=\"wp-block-image size-large\"><img data-recalc-dims=\"1\" decoding=\"async\" width=\"480\" height=\"600\" src=\"https:\/\/i0.wp.com\/www.pedroandretta.info\/index\/wp-content\/uploads\/2025\/07\/image-122.png?resize=480%2C600&#038;ssl=1\" alt=\"\" class=\"wp-image-32179\" srcset=\"https:\/\/i0.wp.com\/www.pedroandretta.info\/index\/wp-content\/uploads\/2025\/07\/image-122.png?resize=480%2C600&amp;ssl=1 480w, https:\/\/i0.wp.com\/www.pedroandretta.info\/index\/wp-content\/uploads\/2025\/07\/image-122.png?resize=240%2C300&amp;ssl=1 240w, https:\/\/i0.wp.com\/www.pedroandretta.info\/index\/wp-content\/uploads\/2025\/07\/image-122.png?resize=768%2C960&amp;ssl=1 768w, https:\/\/i0.wp.com\/www.pedroandretta.info\/index\/wp-content\/uploads\/2025\/07\/image-122.png?w=1080&amp;ssl=1 1080w\" sizes=\"(max-width: 480px) 100vw, 480px\" \/><\/figure>\n","protected":false},"excerpt":{"rendered":"<p>Racismo algor\u00edtmico e a cor da pele que ainda pesa nos dados da IA \/ Bits da Biblio A m\u00e1quina n\u00e3o inventa o racismo. Ela o reproduz, com selo de precis\u00e3o, sem culpa, sem rosto. Como se fosse t\u00e9cnica, mas \u00e9 pol\u00edtica. E afeta vidas reais, como a de Robert Williams, preso por um crime<\/p><\/div>\n<div class=\"blog-btn\"><a href=\"https:\/\/www.pedroandretta.info\/index\/2025\/07\/racismo-algoritmico-e-a-cor-da-pele-que-ainda-pesa-nos-dados-da-ia-bits-da-biblio\/\" class=\"home-blog-btn\">Ler mais<\/a><\/p>\n","protected":false},"author":1,"featured_media":0,"comment_status":"open","ping_status":"open","sticky":false,"template":"","format":"standard","meta":{"_jetpack_memberships_contains_paid_content":false,"footnotes":"","jetpack_publicize_message":"","jetpack_publicize_feature_enabled":true,"jetpack_social_post_already_shared":true,"jetpack_social_options":{"image_generator_settings":{"template":"highway","default_image_id":0,"font":"","enabled":false},"version":2}},"categories":[21],"tags":[2869],"class_list":["post-32178","post","type-post","status-publish","format-standard","hentry","category-informeci","tag-racismoalgoritmico"],"jetpack_publicize_connections":[],"jetpack_featured_media_url":"","views":"","jetpack_sharing_enabled":true,"_links":{"self":[{"href":"https:\/\/www.pedroandretta.info\/index\/wp-json\/wp\/v2\/posts\/32178","targetHints":{"allow":["GET"]}}],"collection":[{"href":"https:\/\/www.pedroandretta.info\/index\/wp-json\/wp\/v2\/posts"}],"about":[{"href":"https:\/\/www.pedroandretta.info\/index\/wp-json\/wp\/v2\/types\/post"}],"author":[{"embeddable":true,"href":"https:\/\/www.pedroandretta.info\/index\/wp-json\/wp\/v2\/users\/1"}],"replies":[{"embeddable":true,"href":"https:\/\/www.pedroandretta.info\/index\/wp-json\/wp\/v2\/comments?post=32178"}],"version-history":[{"count":0,"href":"https:\/\/www.pedroandretta.info\/index\/wp-json\/wp\/v2\/posts\/32178\/revisions"}],"wp:attachment":[{"href":"https:\/\/www.pedroandretta.info\/index\/wp-json\/wp\/v2\/media?parent=32178"}],"wp:term":[{"taxonomy":"category","embeddable":true,"href":"https:\/\/www.pedroandretta.info\/index\/wp-json\/wp\/v2\/categories?post=32178"},{"taxonomy":"post_tag","embeddable":true,"href":"https:\/\/www.pedroandretta.info\/index\/wp-json\/wp\/v2\/tags?post=32178"}],"curies":[{"name":"wp","href":"https:\/\/api.w.org\/{rel}","templated":true}]}}