{"id":32377,"date":"2025-08-10T15:58:51","date_gmt":"2025-08-10T19:58:51","guid":{"rendered":"https:\/\/www.pedroandretta.info\/index\/?p=32377"},"modified":"2025-08-10T15:58:57","modified_gmt":"2025-08-10T19:58:57","slug":"sebos-leitura-e-producao-de-sentidos-brajis","status":"publish","type":"post","link":"https:\/\/www.pedroandretta.info\/index\/2025\/08\/sebos-leitura-e-producao-de-sentidos-brajis\/","title":{"rendered":"Sebos, Leitura e Produ\u00e7\u00e3o de Sentidos \/ Brajis"},"content":{"rendered":"\n<p><strong>Sebos, Leitura e Produ\u00e7\u00e3o de Sentidos: paralelos no Centro Hist\u00f3rico de Manaus \u2013AM \/ Brajis<\/strong><\/p>\n\n\n\n<p>Cada marca deixada na capa, as anota\u00e7\u00f5es feitas nas margens e at\u00e9 mesmo o aroma das p\u00e1ginas envelhecidas atuam como gatilhos que evocam lembran\u00e7as e emo\u00e7\u00f5es, tanto nos antigos quanto nos novos propriet\u00e1rios.A leitura, a\u00ed concebida como h\u00e1bito, promove uma din\u00e2mica de troca entre escritor-leitor-sebista, permitindo a reflex\u00e3o e a interpreta\u00e7\u00e3o pessoal. Cada um contribui com sua vis\u00e3o de mundo, enriquecendo o processo.<br>No caso de Manaus, a premissase confirma: os sebos do Centro Hist\u00f3rico concretizam uma quintess\u00eancia na produ\u00e7\u00e3o de sentidos dessa semiosfera, transformando-se no paralelo de converg\u00eancia entre conhecimento e cultura, sustentado no gosto pela leitura. Espera-se, a partir deste estudo, que novas pesquisas possam se debru\u00e7ar sobre as ramifica\u00e7\u00f5es das tem\u00e1ticas aqui debatidas\u2014pontos de fuga que podem ser mais bem aprofundados sob novos prismas.<\/p>\n\n\n\n<p>#Sebos #Manaus<\/p>\n\n\n\n<p>Dispon\u00edvel em: <a href=\"https:\/\/revistas.marilia.unesp.br\/index.php\/bjis\/article\/view\/17404\">https:\/\/revistas.marilia.unesp.br\/index.php\/bjis\/article\/view\/17404<\/a><\/p>\n\n\n\n<figure class=\"wp-block-image size-large\"><img data-recalc-dims=\"1\" decoding=\"async\" width=\"438\" height=\"600\" src=\"https:\/\/i0.wp.com\/www.pedroandretta.info\/index\/wp-content\/uploads\/2025\/08\/image-55.png?resize=438%2C600&#038;ssl=1\" alt=\"\" class=\"wp-image-32378\" srcset=\"https:\/\/i0.wp.com\/www.pedroandretta.info\/index\/wp-content\/uploads\/2025\/08\/image-55.png?resize=438%2C600&amp;ssl=1 438w, https:\/\/i0.wp.com\/www.pedroandretta.info\/index\/wp-content\/uploads\/2025\/08\/image-55.png?resize=219%2C300&amp;ssl=1 219w, https:\/\/i0.wp.com\/www.pedroandretta.info\/index\/wp-content\/uploads\/2025\/08\/image-55.png?w=532&amp;ssl=1 532w\" sizes=\"(max-width: 438px) 100vw, 438px\" \/><\/figure>\n","protected":false},"excerpt":{"rendered":"<p>Sebos, Leitura e Produ\u00e7\u00e3o de Sentidos: paralelos no Centro Hist\u00f3rico de Manaus \u2013AM \/ Brajis Cada marca deixada na capa, as anota\u00e7\u00f5es feitas nas margens e at\u00e9 mesmo o aroma das p\u00e1ginas envelhecidas atuam como gatilhos que evocam lembran\u00e7as e emo\u00e7\u00f5es, tanto nos antigos quanto nos novos propriet\u00e1rios.A leitura, a\u00ed concebida como h\u00e1bito, promove uma<\/p><\/div>\n<div class=\"blog-btn\"><a href=\"https:\/\/www.pedroandretta.info\/index\/2025\/08\/sebos-leitura-e-producao-de-sentidos-brajis\/\" class=\"home-blog-btn\">Ler mais<\/a><\/p>\n","protected":false},"author":1,"featured_media":0,"comment_status":"open","ping_status":"open","sticky":false,"template":"","format":"standard","meta":{"_jetpack_memberships_contains_paid_content":false,"footnotes":"","jetpack_publicize_message":"","jetpack_publicize_feature_enabled":true,"jetpack_social_post_already_shared":true,"jetpack_social_options":{"image_generator_settings":{"template":"highway","default_image_id":0,"font":"","enabled":false},"version":2}},"categories":[21],"tags":[1641,3042],"class_list":["post-32377","post","type-post","status-publish","format-standard","hentry","category-informeci","tag-manaus","tag-sebos"],"jetpack_publicize_connections":[],"jetpack_featured_media_url":"","views":"","jetpack_sharing_enabled":true,"_links":{"self":[{"href":"https:\/\/www.pedroandretta.info\/index\/wp-json\/wp\/v2\/posts\/32377","targetHints":{"allow":["GET"]}}],"collection":[{"href":"https:\/\/www.pedroandretta.info\/index\/wp-json\/wp\/v2\/posts"}],"about":[{"href":"https:\/\/www.pedroandretta.info\/index\/wp-json\/wp\/v2\/types\/post"}],"author":[{"embeddable":true,"href":"https:\/\/www.pedroandretta.info\/index\/wp-json\/wp\/v2\/users\/1"}],"replies":[{"embeddable":true,"href":"https:\/\/www.pedroandretta.info\/index\/wp-json\/wp\/v2\/comments?post=32377"}],"version-history":[{"count":0,"href":"https:\/\/www.pedroandretta.info\/index\/wp-json\/wp\/v2\/posts\/32377\/revisions"}],"wp:attachment":[{"href":"https:\/\/www.pedroandretta.info\/index\/wp-json\/wp\/v2\/media?parent=32377"}],"wp:term":[{"taxonomy":"category","embeddable":true,"href":"https:\/\/www.pedroandretta.info\/index\/wp-json\/wp\/v2\/categories?post=32377"},{"taxonomy":"post_tag","embeddable":true,"href":"https:\/\/www.pedroandretta.info\/index\/wp-json\/wp\/v2\/tags?post=32377"}],"curies":[{"name":"wp","href":"https:\/\/api.w.org\/{rel}","templated":true}]}}