{"id":32392,"date":"2025-08-12T11:16:14","date_gmt":"2025-08-12T15:16:14","guid":{"rendered":"https:\/\/www.pedroandretta.info\/index\/?p=32392"},"modified":"2025-08-11T11:19:49","modified_gmt":"2025-08-11T15:19:49","slug":"o-valor-economico-e-social-da-rede-de-bibliotecas-do-instituto-cervantes-universo-abierto","status":"publish","type":"post","link":"https:\/\/www.pedroandretta.info\/index\/2025\/08\/o-valor-economico-e-social-da-rede-de-bibliotecas-do-instituto-cervantes-universo-abierto\/","title":{"rendered":"O valor econ\u00f4mico e social da Rede de Bibliotecas do Instituto Cervantes \/ Universo Abierto"},"content":{"rendered":"\n<p><strong>O valor econ\u00f4mico e social da Rede de Bibliotecas do Instituto Cervantes \/ Universo Abierto<\/strong><\/p>\n\n\n\n<p>Na dimens\u00e3o econ\u00f4mica, o estudo examina o valor da RBIC sob diferentes perspectivas: valor de mercado, que atribui um pre\u00e7o hipot\u00e9tico aos servi\u00e7os bibliotec\u00e1rios com base em taxas comerciais; valor percebido pelo usu\u00e1rio, expresso como o que ele estaria disposto a pagar; an\u00e1lise de gastos versus retorno sobre o investimento (ROI); impacto econ\u00f4mico indireto, incluindo fatores como economia de tempo e recursos para os usu\u00e1rios; e outros indicadores quantitativos e qualitativos que ajudam a captar o verdadeiro alcance econ\u00f4mico da rede.<\/p>\n\n\n\n<p>Da perspectiva do valor social, o relat\u00f3rio apresenta diagn\u00f3sticos sobre como a RBIC contribui para al\u00e9m do econ\u00f4mico. Destaca sua fun\u00e7\u00e3o como espa\u00e7o de coes\u00e3o cultural e educacional, seu papel na dissemina\u00e7\u00e3o da l\u00edngua espanhola e das culturas hisp\u00e2nicas e sua capacidade de atuar como um centro comunit\u00e1rio global. Esses aspectos refletem o valor intang\u00edvel que as bibliotecas oferecem \u00e0s suas comunidades, fortalecendo a identidade, o acesso inclusivo ao conhecimento e o desenvolvimento cultural.<\/p>\n\n\n\n<p>#BibliotecasP\u00fablicas #ROI #ImpactoDasBibliotecas<\/p>\n\n\n\n<p>via Universo Abierto<\/p>\n\n\n\n<p>Dispon\u00edvel em: <a href=\"https:\/\/universoabierto.org\/2025\/08\/11\/el-valor-economico-y-social-de-la-red-de-bibliotecas-del-instituto-cervantes-rbic\/\">https:\/\/universoabierto.org\/2025\/08\/11\/el-valor-economico-y-social-de-la-red-de-bibliotecas-del-instituto-cervantes-rbic\/<\/a><\/p>\n\n\n\n<figure class=\"wp-block-image size-large\"><img data-recalc-dims=\"1\" decoding=\"async\" width=\"484\" height=\"600\" src=\"https:\/\/i0.wp.com\/www.pedroandretta.info\/index\/wp-content\/uploads\/2025\/08\/image-60.png?resize=484%2C600&#038;ssl=1\" alt=\"\" class=\"wp-image-32393\" srcset=\"https:\/\/i0.wp.com\/www.pedroandretta.info\/index\/wp-content\/uploads\/2025\/08\/image-60.png?resize=484%2C600&amp;ssl=1 484w, https:\/\/i0.wp.com\/www.pedroandretta.info\/index\/wp-content\/uploads\/2025\/08\/image-60.png?resize=242%2C300&amp;ssl=1 242w, https:\/\/i0.wp.com\/www.pedroandretta.info\/index\/wp-content\/uploads\/2025\/08\/image-60.png?w=594&amp;ssl=1 594w\" sizes=\"(max-width: 484px) 100vw, 484px\" \/><\/figure>\n","protected":false},"excerpt":{"rendered":"<p>O valor econ\u00f4mico e social da Rede de Bibliotecas do Instituto Cervantes \/ Universo Abierto Na dimens\u00e3o econ\u00f4mica, o estudo examina o valor da RBIC sob diferentes perspectivas: valor de mercado, que atribui um pre\u00e7o hipot\u00e9tico aos servi\u00e7os bibliotec\u00e1rios com base em taxas comerciais; valor percebido pelo usu\u00e1rio, expresso como o que ele estaria disposto<\/p><\/div>\n<div class=\"blog-btn\"><a href=\"https:\/\/www.pedroandretta.info\/index\/2025\/08\/o-valor-economico-e-social-da-rede-de-bibliotecas-do-instituto-cervantes-universo-abierto\/\" class=\"home-blog-btn\">Ler mais<\/a><\/p>\n","protected":false},"author":1,"featured_media":0,"comment_status":"open","ping_status":"open","sticky":false,"template":"","format":"standard","meta":{"_jetpack_memberships_contains_paid_content":false,"footnotes":"","jetpack_publicize_message":"","jetpack_publicize_feature_enabled":true,"jetpack_social_post_already_shared":true,"jetpack_social_options":{"image_generator_settings":{"template":"highway","default_image_id":0,"font":"","enabled":false},"version":2}},"categories":[21],"tags":[39,3301,508],"class_list":["post-32392","post","type-post","status-publish","format-standard","hentry","category-informeci","tag-bibliotecaspublicas","tag-impactodasbibliotecas","tag-roi"],"jetpack_publicize_connections":[],"jetpack_featured_media_url":"","views":"","jetpack_sharing_enabled":true,"_links":{"self":[{"href":"https:\/\/www.pedroandretta.info\/index\/wp-json\/wp\/v2\/posts\/32392","targetHints":{"allow":["GET"]}}],"collection":[{"href":"https:\/\/www.pedroandretta.info\/index\/wp-json\/wp\/v2\/posts"}],"about":[{"href":"https:\/\/www.pedroandretta.info\/index\/wp-json\/wp\/v2\/types\/post"}],"author":[{"embeddable":true,"href":"https:\/\/www.pedroandretta.info\/index\/wp-json\/wp\/v2\/users\/1"}],"replies":[{"embeddable":true,"href":"https:\/\/www.pedroandretta.info\/index\/wp-json\/wp\/v2\/comments?post=32392"}],"version-history":[{"count":0,"href":"https:\/\/www.pedroandretta.info\/index\/wp-json\/wp\/v2\/posts\/32392\/revisions"}],"wp:attachment":[{"href":"https:\/\/www.pedroandretta.info\/index\/wp-json\/wp\/v2\/media?parent=32392"}],"wp:term":[{"taxonomy":"category","embeddable":true,"href":"https:\/\/www.pedroandretta.info\/index\/wp-json\/wp\/v2\/categories?post=32392"},{"taxonomy":"post_tag","embeddable":true,"href":"https:\/\/www.pedroandretta.info\/index\/wp-json\/wp\/v2\/tags?post=32392"}],"curies":[{"name":"wp","href":"https:\/\/api.w.org\/{rel}","templated":true}]}}