{"id":32402,"date":"2025-08-12T18:43:49","date_gmt":"2025-08-12T22:43:49","guid":{"rendered":"https:\/\/www.pedroandretta.info\/index\/?p=32402"},"modified":"2025-08-12T18:43:53","modified_gmt":"2025-08-12T22:43:53","slug":"emendas-parlamentares-sao-usadas-como-recurso-complementar-para-universidades-publicas-pesquisa-fapesp","status":"publish","type":"post","link":"https:\/\/www.pedroandretta.info\/index\/2025\/08\/emendas-parlamentares-sao-usadas-como-recurso-complementar-para-universidades-publicas-pesquisa-fapesp\/","title":{"rendered":"Emendas parlamentares s\u00e3o usadas como recurso complementar para universidades p\u00fablicas \/ Pesquisa Fapesp"},"content":{"rendered":"\n<p><strong>Emendas parlamentares s\u00e3o usadas como recurso complementar para universidades p\u00fablicas \/ Pesquisa Fapesp<\/strong><\/p>\n\n\n\n<p>Entre 2014 e 2025, as emendas passaram de 0,8% para aproximadamente 7,2% do or\u00e7amento das universidades federais. Dos R$ 7,89 bilh\u00f5es previstos neste ano na Lei Or\u00e7ament\u00e1ria Anual (LOA) para as 69 universidades federais brasileiras, R$ 571 milh\u00f5es devem vir de emendas parlamentares. Apesar de ligeira queda em rela\u00e7\u00e3o a 2024, os valores t\u00eam crescido nos \u00faltimos anos \u2013 em 2014 foi de R$ 148,42 milh\u00f5es, quando o or\u00e7amento discricion\u00e1rio da LOA para essas institui\u00e7\u00f5es foi de aproximadamente R$ 17 bilh\u00f5es, mais que o dobro do atual.<\/p>\n\n\n\n<p>via Pesquisa Fapesp<\/p>\n\n\n\n<p>#UniversidadesP\u00fablicas<\/p>\n\n\n\n<p>Dispon\u00edvel em: <a href=\"https:\/\/revistapesquisa.fapesp.br\/emendas-parlamentares-sao-usadas-como-recurso-complementar-para-universidades-publicas\/\">https:\/\/revistapesquisa.fapesp.br\/emendas-parlamentares-sao-usadas-como-recurso-complementar-para-universidades-publicas\/<\/a><\/p>\n\n\n\n<figure class=\"wp-block-image size-large\"><img data-recalc-dims=\"1\" decoding=\"async\" width=\"600\" height=\"460\" src=\"https:\/\/i0.wp.com\/www.pedroandretta.info\/index\/wp-content\/uploads\/2025\/08\/image-63.png?resize=600%2C460&#038;ssl=1\" alt=\"\" class=\"wp-image-32403\" srcset=\"https:\/\/i0.wp.com\/www.pedroandretta.info\/index\/wp-content\/uploads\/2025\/08\/image-63.png?resize=600%2C460&amp;ssl=1 600w, https:\/\/i0.wp.com\/www.pedroandretta.info\/index\/wp-content\/uploads\/2025\/08\/image-63.png?resize=300%2C230&amp;ssl=1 300w, https:\/\/i0.wp.com\/www.pedroandretta.info\/index\/wp-content\/uploads\/2025\/08\/image-63.png?resize=768%2C589&amp;ssl=1 768w, https:\/\/i0.wp.com\/www.pedroandretta.info\/index\/wp-content\/uploads\/2025\/08\/image-63.png?w=1071&amp;ssl=1 1071w\" sizes=\"(max-width: 600px) 100vw, 600px\" \/><\/figure>\n","protected":false},"excerpt":{"rendered":"<p>Emendas parlamentares s\u00e3o usadas como recurso complementar para universidades p\u00fablicas \/ Pesquisa Fapesp Entre 2014 e 2025, as emendas passaram de 0,8% para aproximadamente 7,2% do or\u00e7amento das universidades federais. Dos R$ 7,89 bilh\u00f5es previstos neste ano na Lei Or\u00e7ament\u00e1ria Anual (LOA) para as 69 universidades federais brasileiras, R$ 571 milh\u00f5es devem vir de emendas<\/p><\/div>\n<div class=\"blog-btn\"><a href=\"https:\/\/www.pedroandretta.info\/index\/2025\/08\/emendas-parlamentares-sao-usadas-como-recurso-complementar-para-universidades-publicas-pesquisa-fapesp\/\" class=\"home-blog-btn\">Ler mais<\/a><\/p>\n","protected":false},"author":1,"featured_media":0,"comment_status":"open","ping_status":"open","sticky":false,"template":"","format":"standard","meta":{"_jetpack_memberships_contains_paid_content":false,"footnotes":"","jetpack_publicize_message":"","jetpack_publicize_feature_enabled":true,"jetpack_social_post_already_shared":true,"jetpack_social_options":{"image_generator_settings":{"template":"highway","default_image_id":0,"font":"","enabled":false},"version":2}},"categories":[21],"tags":[3962,819],"class_list":["post-32402","post","type-post","status-publish","format-standard","hentry","category-informeci","tag-emendasparlamentares","tag-universidadespublicas"],"jetpack_publicize_connections":[],"jetpack_featured_media_url":"","views":"","jetpack_sharing_enabled":true,"_links":{"self":[{"href":"https:\/\/www.pedroandretta.info\/index\/wp-json\/wp\/v2\/posts\/32402","targetHints":{"allow":["GET"]}}],"collection":[{"href":"https:\/\/www.pedroandretta.info\/index\/wp-json\/wp\/v2\/posts"}],"about":[{"href":"https:\/\/www.pedroandretta.info\/index\/wp-json\/wp\/v2\/types\/post"}],"author":[{"embeddable":true,"href":"https:\/\/www.pedroandretta.info\/index\/wp-json\/wp\/v2\/users\/1"}],"replies":[{"embeddable":true,"href":"https:\/\/www.pedroandretta.info\/index\/wp-json\/wp\/v2\/comments?post=32402"}],"version-history":[{"count":0,"href":"https:\/\/www.pedroandretta.info\/index\/wp-json\/wp\/v2\/posts\/32402\/revisions"}],"wp:attachment":[{"href":"https:\/\/www.pedroandretta.info\/index\/wp-json\/wp\/v2\/media?parent=32402"}],"wp:term":[{"taxonomy":"category","embeddable":true,"href":"https:\/\/www.pedroandretta.info\/index\/wp-json\/wp\/v2\/categories?post=32402"},{"taxonomy":"post_tag","embeddable":true,"href":"https:\/\/www.pedroandretta.info\/index\/wp-json\/wp\/v2\/tags?post=32402"}],"curies":[{"name":"wp","href":"https:\/\/api.w.org\/{rel}","templated":true}]}}