{"id":32458,"date":"2025-08-15T14:28:44","date_gmt":"2025-08-15T18:28:44","guid":{"rendered":"https:\/\/www.pedroandretta.info\/index\/?p=32458"},"modified":"2025-08-15T14:28:49","modified_gmt":"2025-08-15T18:28:49","slug":"chamamento-para-o-reconhecimento-de-praticas-inclusivas-em-bibliotecas-febab","status":"publish","type":"post","link":"https:\/\/www.pedroandretta.info\/index\/2025\/08\/chamamento-para-o-reconhecimento-de-praticas-inclusivas-em-bibliotecas-febab\/","title":{"rendered":"Chamamento para o reconhecimento de pr\u00e1ticas inclusivas em bibliotecas \/ FEBAB"},"content":{"rendered":"\n<p><strong>Chamamento para o reconhecimento de pr\u00e1ticas inclusivas em bibliotecas \/ FEBAB<\/strong><\/p>\n\n\n\n<p>A iniciativa busca reconhecer pr\u00e1ticas \u2014 projetos e\/ou atividades \u2014 desenvolvidas por bibliotecas que promovam as oito categorias de acessibilidade (arquitet\u00f4nica, mobili\u00e1rio e equipamentos, comunicacional, informacional, metodol\u00f3gica, instrumental, program\u00e1tica e atitudinal) descritas no checklist elaborado pela FEBAB dispon\u00edvel pelo https:\/\/www.acoesfebab.com\/checkliston<\/p>\n\n\n\n<p>As a\u00e7\u00f5es devem ter como finalidade garantir os direitos de pessoas com defici\u00eancia, definidas na Lei n. 13.146\/2015 como aquelas com \u201cimpedimento de longo prazo de natureza f\u00edsica, mental, intelectual ou sensorial, o qual, em intera\u00e7\u00e3o com uma ou mais barreiras, pode obstruir sua participa\u00e7\u00e3o plena e efetiva na sociedade em igualdade de condi\u00e7\u00f5es com as demais pessoas\u201d.(**)<\/p>\n\n\n\n<p>via FEBAB<\/p>\n\n\n\n<p>#Bibliotecas #Inclus\u00e3o #FEBAB<\/p>\n\n\n\n<p>Dispon\u00edvel em: <a href=\"https:\/\/febab.org\/2025\/08\/14\/chamamento-para-o-reconhecimento-de-praticas-inclusivas-em-bibliotecas\/\">https:\/\/febab.org\/2025\/08\/14\/chamamento-para-o-reconhecimento-de-praticas-inclusivas-em-bibliotecas\/<\/a><\/p>\n\n\n\n<figure class=\"wp-block-image size-large\"><img data-recalc-dims=\"1\" decoding=\"async\" width=\"600\" height=\"337\" src=\"https:\/\/i0.wp.com\/www.pedroandretta.info\/index\/wp-content\/uploads\/2025\/08\/image-74.png?resize=600%2C337&#038;ssl=1\" alt=\"\" class=\"wp-image-32459\" srcset=\"https:\/\/i0.wp.com\/www.pedroandretta.info\/index\/wp-content\/uploads\/2025\/08\/image-74.png?resize=600%2C337&amp;ssl=1 600w, https:\/\/i0.wp.com\/www.pedroandretta.info\/index\/wp-content\/uploads\/2025\/08\/image-74.png?resize=300%2C169&amp;ssl=1 300w, https:\/\/i0.wp.com\/www.pedroandretta.info\/index\/wp-content\/uploads\/2025\/08\/image-74.png?resize=768%2C432&amp;ssl=1 768w, https:\/\/i0.wp.com\/www.pedroandretta.info\/index\/wp-content\/uploads\/2025\/08\/image-74.png?w=1170&amp;ssl=1 1170w\" sizes=\"(max-width: 600px) 100vw, 600px\" \/><\/figure>\n","protected":false},"excerpt":{"rendered":"<p>Chamamento para o reconhecimento de pr\u00e1ticas inclusivas em bibliotecas \/ FEBAB A iniciativa busca reconhecer pr\u00e1ticas \u2014 projetos e\/ou atividades \u2014 desenvolvidas por bibliotecas que promovam as oito categorias de acessibilidade (arquitet\u00f4nica, mobili\u00e1rio e equipamentos, comunicacional, informacional, metodol\u00f3gica, instrumental, program\u00e1tica e atitudinal) descritas no checklist elaborado pela FEBAB dispon\u00edvel pelo https:\/\/www.acoesfebab.com\/checkliston As a\u00e7\u00f5es devem ter<\/p><\/div>\n<div class=\"blog-btn\"><a href=\"https:\/\/www.pedroandretta.info\/index\/2025\/08\/chamamento-para-o-reconhecimento-de-praticas-inclusivas-em-bibliotecas-febab\/\" class=\"home-blog-btn\">Ler mais<\/a><\/p>\n","protected":false},"author":1,"featured_media":0,"comment_status":"open","ping_status":"open","sticky":false,"template":"","format":"standard","meta":{"_jetpack_newsletter_access":"","_jetpack_dont_email_post_to_subs":false,"_jetpack_newsletter_tier_id":0,"_jetpack_memberships_contains_paywalled_content":false,"_jetpack_feature_clip_id":0,"_jetpack_memberships_contains_paid_content":false,"footnotes":"","jetpack_publicize_message":"","jetpack_publicize_feature_enabled":true,"jetpack_social_post_already_shared":true,"jetpack_social_options":{"image_generator_settings":{"template":"highway","default_image_id":0,"font":"","enabled":false},"version":2},"jetpack_post_was_ever_published":false},"categories":[21],"tags":[38,597,850],"class_list":["post-32458","post","type-post","status-publish","format-standard","hentry","category-informeci","tag-bibliotecas","tag-febab","tag-inclusao"],"jetpack_publicize_connections":[],"jetpack_featured_media_url":"","views":"","jetpack_sharing_enabled":true,"_links":{"self":[{"href":"https:\/\/www.pedroandretta.info\/index\/wp-json\/wp\/v2\/posts\/32458","targetHints":{"allow":["GET"]}}],"collection":[{"href":"https:\/\/www.pedroandretta.info\/index\/wp-json\/wp\/v2\/posts"}],"about":[{"href":"https:\/\/www.pedroandretta.info\/index\/wp-json\/wp\/v2\/types\/post"}],"author":[{"embeddable":true,"href":"https:\/\/www.pedroandretta.info\/index\/wp-json\/wp\/v2\/users\/1"}],"replies":[{"embeddable":true,"href":"https:\/\/www.pedroandretta.info\/index\/wp-json\/wp\/v2\/comments?post=32458"}],"version-history":[{"count":0,"href":"https:\/\/www.pedroandretta.info\/index\/wp-json\/wp\/v2\/posts\/32458\/revisions"}],"wp:attachment":[{"href":"https:\/\/www.pedroandretta.info\/index\/wp-json\/wp\/v2\/media?parent=32458"}],"wp:term":[{"taxonomy":"category","embeddable":true,"href":"https:\/\/www.pedroandretta.info\/index\/wp-json\/wp\/v2\/categories?post=32458"},{"taxonomy":"post_tag","embeddable":true,"href":"https:\/\/www.pedroandretta.info\/index\/wp-json\/wp\/v2\/tags?post=32458"}],"curies":[{"name":"wp","href":"https:\/\/api.w.org\/{rel}","templated":true}]}}