{"id":32483,"date":"2025-08-18T11:07:57","date_gmt":"2025-08-18T15:07:57","guid":{"rendered":"https:\/\/www.pedroandretta.info\/index\/?p=32483"},"modified":"2025-08-18T11:08:25","modified_gmt":"2025-08-18T15:08:25","slug":"sbpc-divulga-mocao-de-apoio-a-regulamentacao-das-plataformas-digitais-e-defende-soberania-tecnologica-do-brasil-jornal-da-ciencia","status":"publish","type":"post","link":"https:\/\/www.pedroandretta.info\/index\/2025\/08\/sbpc-divulga-mocao-de-apoio-a-regulamentacao-das-plataformas-digitais-e-defende-soberania-tecnologica-do-brasil-jornal-da-ciencia\/","title":{"rendered":"SBPC divulga mo\u00e7\u00e3o de apoio \u00e0 regulamenta\u00e7\u00e3o das plataformas digitais e defende soberania tecnol\u00f3gica do Brasil \/ Jornal da Ci\u00eancia"},"content":{"rendered":"\n<p><strong>SBPC divulga mo\u00e7\u00e3o de apoio \u00e0 regulamenta\u00e7\u00e3o das plataformas digitais e defende soberania tecnol\u00f3gica do Brasil \/ Jornal da Ci\u00eancia<\/strong><\/p>\n\n\n\n<p>O Supremo Tribunal Federal j\u00e1 discute aspectos do Marco Civil da Internet, mas a urg\u00eancia de uma regulamenta\u00e7\u00e3o eficaz \u00e9 evidente. Estudos cient\u00edficos demostram que a desinforma\u00e7\u00e3o representa amea\u00e7a concreta \u00e0 democracia, \u00e0 ci\u00eancia e aos direitos humanos. Propostas legislativas que eliminem o \u201cdever de cuidado\u201d das plataformas \u2013 obriga\u00e7\u00e3o de moderar conte\u00fados relacionados a crimes contra o Estado Democr\u00e1tico de Direito, terrorismo, incita\u00e7\u00e3o ao suic\u00eddio, crimes contra crian\u00e7as e adolescentes, racismo, viol\u00eancia contra a mulher e infra\u00e7\u00f5es sanit\u00e1rias em emerg\u00eancias de sa\u00fade p\u00fablica \u2013 desconsideram evid\u00eancias cient\u00edficas e tornam in\u00f3cuas quaisquer pol\u00edticas de enfrentamento desses problemas.<\/p>\n\n\n\n<p>Defendemos, portanto, a ado\u00e7\u00e3o de pol\u00edticas de regulamenta\u00e7\u00e3o das plataformas digitais, orientadas pelo conhecimento cient\u00edfico e voltadas para o desenvolvimento nacional, afastando interesses negacionistas e contr\u00e1rios \u00e0 soberania do pa\u00eds. Al\u00e9m de uma legisla\u00e7\u00e3o adequada, \u00e9 fundamental que o Poder Executivo implemente a\u00e7\u00f5es estrat\u00e9gicas que fortale\u00e7am a autonomia tecnol\u00f3gica brasileira.<\/p>\n\n\n\n<p>#SBPC #M\u00eddiasSociais #Regulamenta\u00e7\u00e3o<\/p>\n\n\n\n<p>via Jornal da Ci\u00eancia<\/p>\n\n\n\n<p>Dispon\u00edvel em: <a href=\"http:\/\/www.jornaldaciencia.org.br\/sbpc-divulga-mocao-de-apoio-a-regulamentacao-das-plataformas-digitais-e-defende-soberania-tecnologica-do-brasil\/\">http:\/\/www.jornaldaciencia.org.br\/sbpc-divulga-mocao-de-apoio-a-regulamentacao-das-plataformas-digitais-e-defende-soberania-tecnologica-do-brasil\/<\/a><\/p>\n","protected":false},"excerpt":{"rendered":"<p>SBPC divulga mo\u00e7\u00e3o de apoio \u00e0 regulamenta\u00e7\u00e3o das plataformas digitais e defende soberania tecnol\u00f3gica do Brasil \/ Jornal da Ci\u00eancia O Supremo Tribunal Federal j\u00e1 discute aspectos do Marco Civil da Internet, mas a urg\u00eancia de uma regulamenta\u00e7\u00e3o eficaz \u00e9 evidente. Estudos cient\u00edficos demostram que a desinforma\u00e7\u00e3o representa amea\u00e7a concreta \u00e0 democracia, \u00e0 ci\u00eancia e<\/p><\/div>\n<div class=\"blog-btn\"><a href=\"https:\/\/www.pedroandretta.info\/index\/2025\/08\/sbpc-divulga-mocao-de-apoio-a-regulamentacao-das-plataformas-digitais-e-defende-soberania-tecnologica-do-brasil-jornal-da-ciencia\/\" class=\"home-blog-btn\">Ler mais<\/a><\/p>\n","protected":false},"author":1,"featured_media":0,"comment_status":"open","ping_status":"open","sticky":false,"template":"","format":"standard","meta":{"_jetpack_memberships_contains_paid_content":false,"footnotes":"","jetpack_publicize_message":"","jetpack_publicize_feature_enabled":true,"jetpack_social_post_already_shared":true,"jetpack_social_options":{"image_generator_settings":{"template":"highway","default_image_id":0,"font":"","enabled":false},"version":2}},"categories":[21],"tags":[794,3605,2771],"class_list":["post-32483","post","type-post","status-publish","format-standard","hentry","category-informeci","tag-midiassociais","tag-regulamentacao","tag-sbpc"],"jetpack_publicize_connections":[],"jetpack_featured_media_url":"","views":"","jetpack_sharing_enabled":true,"_links":{"self":[{"href":"https:\/\/www.pedroandretta.info\/index\/wp-json\/wp\/v2\/posts\/32483","targetHints":{"allow":["GET"]}}],"collection":[{"href":"https:\/\/www.pedroandretta.info\/index\/wp-json\/wp\/v2\/posts"}],"about":[{"href":"https:\/\/www.pedroandretta.info\/index\/wp-json\/wp\/v2\/types\/post"}],"author":[{"embeddable":true,"href":"https:\/\/www.pedroandretta.info\/index\/wp-json\/wp\/v2\/users\/1"}],"replies":[{"embeddable":true,"href":"https:\/\/www.pedroandretta.info\/index\/wp-json\/wp\/v2\/comments?post=32483"}],"version-history":[{"count":0,"href":"https:\/\/www.pedroandretta.info\/index\/wp-json\/wp\/v2\/posts\/32483\/revisions"}],"wp:attachment":[{"href":"https:\/\/www.pedroandretta.info\/index\/wp-json\/wp\/v2\/media?parent=32483"}],"wp:term":[{"taxonomy":"category","embeddable":true,"href":"https:\/\/www.pedroandretta.info\/index\/wp-json\/wp\/v2\/categories?post=32483"},{"taxonomy":"post_tag","embeddable":true,"href":"https:\/\/www.pedroandretta.info\/index\/wp-json\/wp\/v2\/tags?post=32483"}],"curies":[{"name":"wp","href":"https:\/\/api.w.org\/{rel}","templated":true}]}}