{"id":32509,"date":"2025-08-18T14:28:37","date_gmt":"2025-08-18T18:28:37","guid":{"rendered":"https:\/\/www.pedroandretta.info\/index\/?p=32509"},"modified":"2025-08-18T14:28:41","modified_gmt":"2025-08-18T18:28:41","slug":"acoes-culturais-da-biblioteca-central-da-universidade-federal-do-espirito-santo-informacao-informacao","status":"publish","type":"post","link":"https:\/\/www.pedroandretta.info\/index\/2025\/08\/acoes-culturais-da-biblioteca-central-da-universidade-federal-do-espirito-santo-informacao-informacao\/","title":{"rendered":"A\u00e7\u00f5es culturais da biblioteca central da Universidade Federal do Esp\u00edrito Santo \/ Informa\u00e7\u00e3o &amp; Informa\u00e7\u00e3o"},"content":{"rendered":"\n<p><strong>A\u00e7\u00f5es culturais da biblioteca central da Universidade Federal do Esp\u00edrito Santo \/ Informa\u00e7\u00e3o &amp; Informa\u00e7\u00e3o<\/strong><\/p>\n\n\n\n<p>A coleta de dados abrangeu postagens institucionais, reportagens, v\u00eddeos e registros multim\u00eddia, com foco na identifica\u00e7\u00e3o e mapeamento de a\u00e7\u00f5es culturais, como exposi\u00e7\u00f5es, palestras, oficinas, saraus e outras atividades art\u00edsticas e cient\u00edficas. No total, foram identificados 81 eventos culturais, dos quais 57 foram exposi\u00e7\u00f5es. Desse conjunto, 77 a\u00e7\u00f5es foram divulgadas no site da biblioteca e 60 receberam men\u00e7\u00e3o ou cobertura no canal da TV Ufes.<\/p>\n\n\n\n<p>#BibliotecasUniversit\u00e1rias #A\u00e7\u00e3oCultural<\/p>\n\n\n\n<p>Dispon\u00edvel em: <a href=\"https:\/\/ojs.uel.br\/revistas\/uel\/index.php\/informacao\/article\/view\/51538\">https:\/\/ojs.uel.br\/revistas\/uel\/index.php\/informacao\/article\/view\/51538<\/a><\/p>\n\n\n\n<figure class=\"wp-block-image size-large\"><img data-recalc-dims=\"1\" decoding=\"async\" width=\"386\" height=\"600\" src=\"https:\/\/i0.wp.com\/www.pedroandretta.info\/index\/wp-content\/uploads\/2025\/08\/image-85.png?resize=386%2C600&#038;ssl=1\" alt=\"\" class=\"wp-image-32511\" srcset=\"https:\/\/i0.wp.com\/www.pedroandretta.info\/index\/wp-content\/uploads\/2025\/08\/image-85.png?resize=386%2C600&amp;ssl=1 386w, https:\/\/i0.wp.com\/www.pedroandretta.info\/index\/wp-content\/uploads\/2025\/08\/image-85.png?resize=193%2C300&amp;ssl=1 193w, https:\/\/i0.wp.com\/www.pedroandretta.info\/index\/wp-content\/uploads\/2025\/08\/image-85.png?w=490&amp;ssl=1 490w\" sizes=\"(max-width: 386px) 100vw, 386px\" \/><\/figure>\n","protected":false},"excerpt":{"rendered":"<p>A\u00e7\u00f5es culturais da biblioteca central da Universidade Federal do Esp\u00edrito Santo \/ Informa\u00e7\u00e3o &amp; Informa\u00e7\u00e3o A coleta de dados abrangeu postagens institucionais, reportagens, v\u00eddeos e registros multim\u00eddia, com foco na identifica\u00e7\u00e3o e mapeamento de a\u00e7\u00f5es culturais, como exposi\u00e7\u00f5es, palestras, oficinas, saraus e outras atividades art\u00edsticas e cient\u00edficas. No total, foram identificados 81 eventos culturais, dos<\/p><\/div>\n<div class=\"blog-btn\"><a href=\"https:\/\/www.pedroandretta.info\/index\/2025\/08\/acoes-culturais-da-biblioteca-central-da-universidade-federal-do-espirito-santo-informacao-informacao\/\" class=\"home-blog-btn\">Ler mais<\/a><\/p>\n","protected":false},"author":1,"featured_media":0,"comment_status":"open","ping_status":"open","sticky":false,"template":"","format":"standard","meta":{"_jetpack_memberships_contains_paid_content":false,"footnotes":"","jetpack_publicize_message":"","jetpack_publicize_feature_enabled":true,"jetpack_social_post_already_shared":true,"jetpack_social_options":{"image_generator_settings":{"template":"highway","default_image_id":0,"font":"","enabled":false},"version":2}},"categories":[21],"tags":[728,114],"class_list":["post-32509","post","type-post","status-publish","format-standard","hentry","category-informeci","tag-acaocultural","tag-bibliotecasuniversitarias"],"jetpack_publicize_connections":[],"jetpack_featured_media_url":"","views":"","jetpack_sharing_enabled":true,"_links":{"self":[{"href":"https:\/\/www.pedroandretta.info\/index\/wp-json\/wp\/v2\/posts\/32509","targetHints":{"allow":["GET"]}}],"collection":[{"href":"https:\/\/www.pedroandretta.info\/index\/wp-json\/wp\/v2\/posts"}],"about":[{"href":"https:\/\/www.pedroandretta.info\/index\/wp-json\/wp\/v2\/types\/post"}],"author":[{"embeddable":true,"href":"https:\/\/www.pedroandretta.info\/index\/wp-json\/wp\/v2\/users\/1"}],"replies":[{"embeddable":true,"href":"https:\/\/www.pedroandretta.info\/index\/wp-json\/wp\/v2\/comments?post=32509"}],"version-history":[{"count":0,"href":"https:\/\/www.pedroandretta.info\/index\/wp-json\/wp\/v2\/posts\/32509\/revisions"}],"wp:attachment":[{"href":"https:\/\/www.pedroandretta.info\/index\/wp-json\/wp\/v2\/media?parent=32509"}],"wp:term":[{"taxonomy":"category","embeddable":true,"href":"https:\/\/www.pedroandretta.info\/index\/wp-json\/wp\/v2\/categories?post=32509"},{"taxonomy":"post_tag","embeddable":true,"href":"https:\/\/www.pedroandretta.info\/index\/wp-json\/wp\/v2\/tags?post=32509"}],"curies":[{"name":"wp","href":"https:\/\/api.w.org\/{rel}","templated":true}]}}