{"id":32536,"date":"2025-08-20T15:26:55","date_gmt":"2025-08-20T19:26:55","guid":{"rendered":"https:\/\/www.pedroandretta.info\/index\/?p=32536"},"modified":"2025-08-20T15:27:00","modified_gmt":"2025-08-20T19:27:00","slug":"a-ia-generativa-esta-remodelando-as-praticas-academicas-em-todo-o-mundo-uma-analise-sobre-adocao-beneficios-e-preocupacoes-information-processing-management","status":"publish","type":"post","link":"https:\/\/www.pedroandretta.info\/index\/2025\/08\/a-ia-generativa-esta-remodelando-as-praticas-academicas-em-todo-o-mundo-uma-analise-sobre-adocao-beneficios-e-preocupacoes-information-processing-management\/","title":{"rendered":"A IA generativa est\u00e1 remodelando as pr\u00e1ticas acad\u00eamicas em todo o mundo? Uma an\u00e1lise sobre ado\u00e7\u00e3o, benef\u00edcios e preocupa\u00e7\u00f5es \/ Information Processing &amp; Management"},"content":{"rendered":"\n<p><strong>A IA generativa est\u00e1 remodelando as pr\u00e1ticas acad\u00eamicas em todo o mundo? Uma an\u00e1lise sobre ado\u00e7\u00e3o, benef\u00edcios e preocupa\u00e7\u00f5es \/ Information Processing &amp; Management<\/strong><\/p>\n\n\n\n<p>Destaques:<br>&#8211; Ferramentas de IA generativa s\u00e3o amplamente adotadas no meio acad\u00eamico, com diferen\u00e7as significativas entre \u00e1reas, g\u00eaneros e pa\u00edses.<br>&#8211; Estudantes de doutorado e acad\u00eamicos em in\u00edcio de carreira s\u00e3o os que mais as adotam para fins de pesquisa.<br>&#8211; Aplica\u00e7\u00f5es de IA s\u00e3o amplamente utilizadas para tradu\u00e7\u00e3o, revis\u00e3o e revis\u00e3o de literatura, mas menos para an\u00e1lise de dados em atividades de pesquisa.<br>&#8211; Cria\u00e7\u00e3o de conte\u00fado, suporte \u00e0 aprendizagem e design de tarefas s\u00e3o os principais motivos para o uso de IA no ensino, com padr\u00f5es diferentes baseados em posi\u00e7\u00f5es acad\u00eamicas e pa\u00edses.<br>&#8211; Informa\u00e7\u00f5es imprecisas, pl\u00e1gio e habilidades reduzidas de pensamento cr\u00edtico s\u00e3o as principais preocupa\u00e7\u00f5es com o uso de IA no meio acad\u00eamico.<\/p>\n\n\n\n<p>#EscritaCient\u00edfica #IA #PesquisaCient\u00edfica<\/p>\n\n\n\n<p>Dispon\u00edvel em: <a href=\"https:\/\/www.sciencedirect.com\/science\/article\/pii\/S0306457325002912?via%3Dihub\">https:\/\/www.sciencedirect.com\/science\/article\/pii\/S0306457325002912?via%3Dihub<\/a><\/p>\n\n\n\n<figure class=\"wp-block-image size-large\"><img data-recalc-dims=\"1\" decoding=\"async\" width=\"437\" height=\"600\" src=\"https:\/\/i0.wp.com\/www.pedroandretta.info\/index\/wp-content\/uploads\/2025\/08\/image-92.png?resize=437%2C600&#038;ssl=1\" alt=\"\" class=\"wp-image-32537\" srcset=\"https:\/\/i0.wp.com\/www.pedroandretta.info\/index\/wp-content\/uploads\/2025\/08\/image-92.png?resize=437%2C600&amp;ssl=1 437w, https:\/\/i0.wp.com\/www.pedroandretta.info\/index\/wp-content\/uploads\/2025\/08\/image-92.png?resize=218%2C300&amp;ssl=1 218w, https:\/\/i0.wp.com\/www.pedroandretta.info\/index\/wp-content\/uploads\/2025\/08\/image-92.png?w=529&amp;ssl=1 529w\" sizes=\"(max-width: 437px) 100vw, 437px\" \/><\/figure>\n","protected":false},"excerpt":{"rendered":"<p>A IA generativa est\u00e1 remodelando as pr\u00e1ticas acad\u00eamicas em todo o mundo? Uma an\u00e1lise sobre ado\u00e7\u00e3o, benef\u00edcios e preocupa\u00e7\u00f5es \/ Information Processing &amp; Management Destaques:&#8211; Ferramentas de IA generativa s\u00e3o amplamente adotadas no meio acad\u00eamico, com diferen\u00e7as significativas entre \u00e1reas, g\u00eaneros e pa\u00edses.&#8211; Estudantes de doutorado e acad\u00eamicos em in\u00edcio de carreira s\u00e3o os que<\/p><\/div>\n<div class=\"blog-btn\"><a href=\"https:\/\/www.pedroandretta.info\/index\/2025\/08\/a-ia-generativa-esta-remodelando-as-praticas-academicas-em-todo-o-mundo-uma-analise-sobre-adocao-beneficios-e-preocupacoes-information-processing-management\/\" class=\"home-blog-btn\">Ler mais<\/a><\/p>\n","protected":false},"author":1,"featured_media":0,"comment_status":"open","ping_status":"open","sticky":false,"template":"","format":"standard","meta":{"_jetpack_memberships_contains_paid_content":false,"footnotes":"","jetpack_publicize_message":"","jetpack_publicize_feature_enabled":true,"jetpack_social_post_already_shared":true,"jetpack_social_options":{"image_generator_settings":{"template":"highway","default_image_id":0,"font":"","enabled":false},"version":2}},"categories":[21],"tags":[1198,1994,556],"class_list":["post-32536","post","type-post","status-publish","format-standard","hentry","category-informeci","tag-escritacientifica","tag-inteligenciaartificial","tag-pesquisacientifica"],"jetpack_publicize_connections":[],"jetpack_featured_media_url":"","views":"","jetpack_sharing_enabled":true,"_links":{"self":[{"href":"https:\/\/www.pedroandretta.info\/index\/wp-json\/wp\/v2\/posts\/32536","targetHints":{"allow":["GET"]}}],"collection":[{"href":"https:\/\/www.pedroandretta.info\/index\/wp-json\/wp\/v2\/posts"}],"about":[{"href":"https:\/\/www.pedroandretta.info\/index\/wp-json\/wp\/v2\/types\/post"}],"author":[{"embeddable":true,"href":"https:\/\/www.pedroandretta.info\/index\/wp-json\/wp\/v2\/users\/1"}],"replies":[{"embeddable":true,"href":"https:\/\/www.pedroandretta.info\/index\/wp-json\/wp\/v2\/comments?post=32536"}],"version-history":[{"count":0,"href":"https:\/\/www.pedroandretta.info\/index\/wp-json\/wp\/v2\/posts\/32536\/revisions"}],"wp:attachment":[{"href":"https:\/\/www.pedroandretta.info\/index\/wp-json\/wp\/v2\/media?parent=32536"}],"wp:term":[{"taxonomy":"category","embeddable":true,"href":"https:\/\/www.pedroandretta.info\/index\/wp-json\/wp\/v2\/categories?post=32536"},{"taxonomy":"post_tag","embeddable":true,"href":"https:\/\/www.pedroandretta.info\/index\/wp-json\/wp\/v2\/tags?post=32536"}],"curies":[{"name":"wp","href":"https:\/\/api.w.org\/{rel}","templated":true}]}}