{"id":32541,"date":"2025-08-20T15:34:40","date_gmt":"2025-08-20T19:34:40","guid":{"rendered":"https:\/\/www.pedroandretta.info\/index\/?p=32541"},"modified":"2025-08-20T15:34:45","modified_gmt":"2025-08-20T19:34:45","slug":"a-declaracao-profissional-sobre-o-controle-bibliografico-universal-infohome","status":"publish","type":"post","link":"https:\/\/www.pedroandretta.info\/index\/2025\/08\/a-declaracao-profissional-sobre-o-controle-bibliografico-universal-infohome\/","title":{"rendered":"A declara\u00e7\u00e3o profissional sobre o Controle Bibliogr\u00e1fico Universal \/ InfoHome"},"content":{"rendered":"\n<p><strong>A declara\u00e7\u00e3o profissional sobre o Controle Bibliogr\u00e1fico Universal \/ InfoHome<\/strong><\/p>\n\n\n\n<p>O controle bibliogr\u00e1fico evolui, no atual ambiente informacional, porque o universo bibliogr\u00e1fico est\u00e1 mudando radicalmente devido aos recursos, atores, tecnologias, padr\u00f5es e pr\u00e1ticas. O ritmo, apesar de irregular, \u00e9 cont\u00ednuo, pois o pre\u00e7o da inatividade \u00e9 muito alto, no contexto do ambiente.<\/p>\n\n\n\n<p>Conceitualmente, o \u201ccontrole bibliogr\u00e1fico\u201d \u00e9 um termo amplo, que abrange as atividades envolvidas na cria\u00e7\u00e3o, organiza\u00e7\u00e3o, gest\u00e3o, manuten\u00e7\u00e3o e recupera\u00e7\u00e3o de dados bibliogr\u00e1ficos. Dados que representam itens mantidos em uma biblioteca para facilitar o acesso \u00e0s informa\u00e7\u00f5es. Bibliotec\u00e1rios de cataloga\u00e7\u00e3o produzem os meios necess\u00e1rios para a representa\u00e7\u00e3o, recupera\u00e7\u00e3o e o funcionamento do controle bibliogr\u00e1fico.<\/p>\n\n\n\n<p>#ControleBibliogr\u00e1fico #ControleBibliogr\u00e1ficoUniversal<\/p>\n\n\n\n<p>via InfoHome<\/p>\n\n\n\n<p>Dispon\u00edvel em: <a href=\"https:\/\/www.ofaj.com.br\/colunas_conteudo.php?cod=1610\">https:\/\/www.ofaj.com.br\/colunas_conteudo.php?cod=1610<\/a><\/p>\n","protected":false},"excerpt":{"rendered":"<p>A declara\u00e7\u00e3o profissional sobre o Controle Bibliogr\u00e1fico Universal \/ InfoHome O controle bibliogr\u00e1fico evolui, no atual ambiente informacional, porque o universo bibliogr\u00e1fico est\u00e1 mudando radicalmente devido aos recursos, atores, tecnologias, padr\u00f5es e pr\u00e1ticas. O ritmo, apesar de irregular, \u00e9 cont\u00ednuo, pois o pre\u00e7o da inatividade \u00e9 muito alto, no contexto do ambiente. Conceitualmente, o \u201ccontrole<\/p><\/div>\n<div class=\"blog-btn\"><a href=\"https:\/\/www.pedroandretta.info\/index\/2025\/08\/a-declaracao-profissional-sobre-o-controle-bibliografico-universal-infohome\/\" class=\"home-blog-btn\">Ler mais<\/a><\/p>\n","protected":false},"author":1,"featured_media":0,"comment_status":"open","ping_status":"open","sticky":false,"template":"","format":"standard","meta":{"_jetpack_memberships_contains_paid_content":false,"footnotes":"","jetpack_publicize_message":"","jetpack_publicize_feature_enabled":true,"jetpack_social_post_already_shared":true,"jetpack_social_options":{"image_generator_settings":{"template":"highway","default_image_id":0,"font":"","enabled":false},"version":2}},"categories":[21],"tags":[1687,3032],"class_list":["post-32541","post","type-post","status-publish","format-standard","hentry","category-informeci","tag-controlebibliografico","tag-controlebibliograficouniversal"],"jetpack_publicize_connections":[],"jetpack_featured_media_url":"","views":"","jetpack_sharing_enabled":true,"_links":{"self":[{"href":"https:\/\/www.pedroandretta.info\/index\/wp-json\/wp\/v2\/posts\/32541","targetHints":{"allow":["GET"]}}],"collection":[{"href":"https:\/\/www.pedroandretta.info\/index\/wp-json\/wp\/v2\/posts"}],"about":[{"href":"https:\/\/www.pedroandretta.info\/index\/wp-json\/wp\/v2\/types\/post"}],"author":[{"embeddable":true,"href":"https:\/\/www.pedroandretta.info\/index\/wp-json\/wp\/v2\/users\/1"}],"replies":[{"embeddable":true,"href":"https:\/\/www.pedroandretta.info\/index\/wp-json\/wp\/v2\/comments?post=32541"}],"version-history":[{"count":0,"href":"https:\/\/www.pedroandretta.info\/index\/wp-json\/wp\/v2\/posts\/32541\/revisions"}],"wp:attachment":[{"href":"https:\/\/www.pedroandretta.info\/index\/wp-json\/wp\/v2\/media?parent=32541"}],"wp:term":[{"taxonomy":"category","embeddable":true,"href":"https:\/\/www.pedroandretta.info\/index\/wp-json\/wp\/v2\/categories?post=32541"},{"taxonomy":"post_tag","embeddable":true,"href":"https:\/\/www.pedroandretta.info\/index\/wp-json\/wp\/v2\/tags?post=32541"}],"curies":[{"name":"wp","href":"https:\/\/api.w.org\/{rel}","templated":true}]}}