{"id":3259,"date":"2019-12-18T07:45:36","date_gmt":"2019-12-18T07:45:36","guid":{"rendered":"https:\/\/www.pedroandretta.info\/index\/?p=3259"},"modified":"2019-12-20T01:09:10","modified_gmt":"2019-12-20T01:09:10","slug":"nova-edicao-desidoc-journal-of-library-information-technology-tema-gestao","status":"publish","type":"post","link":"https:\/\/www.pedroandretta.info\/index\/2019\/12\/nova-edicao-desidoc-journal-of-library-information-technology-tema-gestao\/","title":{"rendered":"Nova edi\u00e7\u00e3o \u201cDESIDOC Journal of Library &#038; Information Technology\u201d. Tema: Gest\u00e3o &#8230;"},"content":{"rendered":"<p>[ad_1]<\/p>\n<blockquote class=\"twitter-tweet\">\n<p lang=\"pt\" dir=\"ltr\">Nova edi\u00e7\u00e3o \u201cDESIDOC Journal of Library &amp; Information Technology\u201d. Tema: Gest\u00e3o de dados de pesquisa <a target=\"_blank\" href=\"https:\/\/twitter.com\/hashtag\/PGD?src=hash&amp;ref_src=twsrc%5Etfw\" rel=\"noopener noreferrer\">#PGD<\/a> <a target=\"_blank\" href=\"https:\/\/twitter.com\/hashtag\/dadosdepesquisa?src=hash&amp;ref_src=twsrc%5Etfw\" rel=\"noopener noreferrer\">#dadosdepesquisa<\/a> | Provavelmente os bibliotec\u00e1rios que se formaram at\u00e9 2015 n\u00e3o viram esse tema na gradua\u00e7\u00e3o, vale parar, ler e atualizar!<\/p>\n<p> <a target=\"_blank\" href=\"https:\/\/t.co\/VHosgJrcdR\" rel=\"noopener noreferrer\">https:\/\/t.co\/VHosgJrcdR<\/a><\/p>\n<p>&mdash; Pedro Andretta (@andretta_pedro) <a target=\"_blank\" href=\"https:\/\/twitter.com\/andretta_pedro\/status\/1207205255173353478?ref_src=twsrc%5Etfw\" rel=\"noopener noreferrer\">December 18, 2019<\/a><\/p><\/blockquote>\n<p><script async src=\"https:\/\/platform.twitter.com\/widgets.js\" charset=\"utf-8\"><\/script><\/p>\n<p>[ad_2]<br \/>\n<br \/><a href=\"https:\/\/twitter.com\/andretta_pedro\/statuses\/1207205255173353478\">Source<\/a> by <a href=\"https:\/\/t.co\/MfIsGWjH1p\">Pedro Andretta<\/a><\/p>\n","protected":false},"excerpt":{"rendered":"<p>[ad_1] Nova edi\u00e7\u00e3o \u201cDESIDOC Journal of Library &amp; Information Technology\u201d. Tema: Gest\u00e3o de dados de pesquisa #PGD #dadosdepesquisa | Provavelmente os bibliotec\u00e1rios que se formaram at\u00e9 2015 n\u00e3o viram esse tema na gradua\u00e7\u00e3o, vale parar, ler e atualizar! https:\/\/t.co\/VHosgJrcdR &mdash; Pedro Andretta (@andretta_pedro) December 18, 2019 [ad_2] Source by Pedro Andretta<\/p>\n","protected":false},"author":1,"featured_media":0,"comment_status":"closed","ping_status":"open","sticky":false,"template":"","format":"standard","meta":{"_jetpack_memberships_contains_paid_content":false,"footnotes":"","jetpack_publicize_message":"","jetpack_publicize_feature_enabled":true,"jetpack_social_post_already_shared":false,"jetpack_social_options":{"image_generator_settings":{"template":"highway","default_image_id":0,"font":"","enabled":false},"version":2}},"categories":[21],"tags":[209,3753],"class_list":["post-3259","post","type-post","status-publish","format-standard","hentry","category-informeci","tag-dadosdepesquisa","tag-planodegestaodedados"],"jetpack_publicize_connections":[],"jetpack_featured_media_url":"","views":"","jetpack_sharing_enabled":true,"_links":{"self":[{"href":"https:\/\/www.pedroandretta.info\/index\/wp-json\/wp\/v2\/posts\/3259","targetHints":{"allow":["GET"]}}],"collection":[{"href":"https:\/\/www.pedroandretta.info\/index\/wp-json\/wp\/v2\/posts"}],"about":[{"href":"https:\/\/www.pedroandretta.info\/index\/wp-json\/wp\/v2\/types\/post"}],"author":[{"embeddable":true,"href":"https:\/\/www.pedroandretta.info\/index\/wp-json\/wp\/v2\/users\/1"}],"replies":[{"embeddable":true,"href":"https:\/\/www.pedroandretta.info\/index\/wp-json\/wp\/v2\/comments?post=3259"}],"version-history":[{"count":0,"href":"https:\/\/www.pedroandretta.info\/index\/wp-json\/wp\/v2\/posts\/3259\/revisions"}],"wp:attachment":[{"href":"https:\/\/www.pedroandretta.info\/index\/wp-json\/wp\/v2\/media?parent=3259"}],"wp:term":[{"taxonomy":"category","embeddable":true,"href":"https:\/\/www.pedroandretta.info\/index\/wp-json\/wp\/v2\/categories?post=3259"},{"taxonomy":"post_tag","embeddable":true,"href":"https:\/\/www.pedroandretta.info\/index\/wp-json\/wp\/v2\/tags?post=3259"}],"curies":[{"name":"wp","href":"https:\/\/api.w.org\/{rel}","templated":true}]}}