{"id":32693,"date":"2025-08-27T11:20:32","date_gmt":"2025-08-27T15:20:32","guid":{"rendered":"https:\/\/www.pedroandretta.info\/index\/?p=32693"},"modified":"2025-08-26T11:24:07","modified_gmt":"2025-08-26T15:24:07","slug":"revista-da-biblioteconomia-do-brasil-no-90-cfb","status":"publish","type":"post","link":"https:\/\/www.pedroandretta.info\/index\/2025\/08\/revista-da-biblioteconomia-do-brasil-no-90-cfb\/","title":{"rendered":"Revista da Biblioteconomia do Brasil &#8211; n\u00ba 90 \/ CFB"},"content":{"rendered":"\n<p><strong>Revista da Biblioteconomia do Brasil &#8211; n\u00ba 90 \/ CFB<\/strong><\/p>\n\n\n\n<p>Nesta edi\u00e7\u00e3o da Revista Biblioteconomia do Brasil, direcionamos nossa aten\u00e7\u00e3o para as Bibliotecas P\u00fablicas. Uma s\u00edntese do sentido e da import\u00e2ncia desse dispositivo cultural \u00e9 o \u201cManifesto da UNESCO para as Bibliotecas P\u00fablicas\u201d que, no seu par\u00e1grafo de abertura, relembra-nos que os objetos e as institui\u00e7\u00f5es da Biblioteconomia s\u00e3o basilares para o aprimoramento humano, para o desenvolvimento social, a solidez da democracia, o exerc\u00edcio qualificado da cidadania e para o gozo da liberdade.<\/p>\n\n\n\n<p>#CFB #BibliotecasP\u00fablicas #Hist\u00f3riaDasBibliotecas<\/p>\n\n\n\n<p>Dispon\u00edvel em: <a href=\"https:\/\/repositorio.cfb.org.br\/handle\/123456789\/1454\">https:\/\/repositorio.cfb.org.br\/handle\/123456789\/1454<\/a><\/p>\n\n\n\n<figure class=\"wp-block-image size-large\"><img data-recalc-dims=\"1\" decoding=\"async\" width=\"437\" height=\"600\" src=\"https:\/\/i0.wp.com\/www.pedroandretta.info\/index\/wp-content\/uploads\/2025\/08\/image-117.png?resize=437%2C600&#038;ssl=1\" alt=\"\" class=\"wp-image-32694\" srcset=\"https:\/\/i0.wp.com\/www.pedroandretta.info\/index\/wp-content\/uploads\/2025\/08\/image-117.png?resize=437%2C600&amp;ssl=1 437w, https:\/\/i0.wp.com\/www.pedroandretta.info\/index\/wp-content\/uploads\/2025\/08\/image-117.png?resize=218%2C300&amp;ssl=1 218w, https:\/\/i0.wp.com\/www.pedroandretta.info\/index\/wp-content\/uploads\/2025\/08\/image-117.png?w=556&amp;ssl=1 556w\" sizes=\"(max-width: 437px) 100vw, 437px\" \/><\/figure>\n","protected":false},"excerpt":{"rendered":"<p>Revista da Biblioteconomia do Brasil &#8211; n\u00ba 90 \/ CFB Nesta edi\u00e7\u00e3o da Revista Biblioteconomia do Brasil, direcionamos nossa aten\u00e7\u00e3o para as Bibliotecas P\u00fablicas. Uma s\u00edntese do sentido e da import\u00e2ncia desse dispositivo cultural \u00e9 o \u201cManifesto da UNESCO para as Bibliotecas P\u00fablicas\u201d que, no seu par\u00e1grafo de abertura, relembra-nos que os objetos e as<\/p><\/div>\n<div class=\"blog-btn\"><a href=\"https:\/\/www.pedroandretta.info\/index\/2025\/08\/revista-da-biblioteconomia-do-brasil-no-90-cfb\/\" class=\"home-blog-btn\">Ler mais<\/a><\/p>\n","protected":false},"author":1,"featured_media":0,"comment_status":"open","ping_status":"open","sticky":false,"template":"","format":"standard","meta":{"_jetpack_newsletter_access":"","_jetpack_dont_email_post_to_subs":false,"_jetpack_newsletter_tier_id":0,"_jetpack_memberships_contains_paywalled_content":false,"_jetpack_feature_clip_id":0,"_jetpack_memberships_contains_paid_content":false,"footnotes":"","jetpack_publicize_message":"","jetpack_publicize_feature_enabled":true,"jetpack_social_post_already_shared":true,"jetpack_social_options":{"image_generator_settings":{"template":"highway","default_image_id":0,"font":"","enabled":false},"version":2},"jetpack_post_was_ever_published":false},"categories":[21],"tags":[39,628,701],"class_list":["post-32693","post","type-post","status-publish","format-standard","hentry","category-informeci","tag-bibliotecaspublicas","tag-cfb","tag-historiadasbibliotecas"],"jetpack_publicize_connections":[],"jetpack_featured_media_url":"","views":"","jetpack_sharing_enabled":true,"_links":{"self":[{"href":"https:\/\/www.pedroandretta.info\/index\/wp-json\/wp\/v2\/posts\/32693","targetHints":{"allow":["GET"]}}],"collection":[{"href":"https:\/\/www.pedroandretta.info\/index\/wp-json\/wp\/v2\/posts"}],"about":[{"href":"https:\/\/www.pedroandretta.info\/index\/wp-json\/wp\/v2\/types\/post"}],"author":[{"embeddable":true,"href":"https:\/\/www.pedroandretta.info\/index\/wp-json\/wp\/v2\/users\/1"}],"replies":[{"embeddable":true,"href":"https:\/\/www.pedroandretta.info\/index\/wp-json\/wp\/v2\/comments?post=32693"}],"version-history":[{"count":0,"href":"https:\/\/www.pedroandretta.info\/index\/wp-json\/wp\/v2\/posts\/32693\/revisions"}],"wp:attachment":[{"href":"https:\/\/www.pedroandretta.info\/index\/wp-json\/wp\/v2\/media?parent=32693"}],"wp:term":[{"taxonomy":"category","embeddable":true,"href":"https:\/\/www.pedroandretta.info\/index\/wp-json\/wp\/v2\/categories?post=32693"},{"taxonomy":"post_tag","embeddable":true,"href":"https:\/\/www.pedroandretta.info\/index\/wp-json\/wp\/v2\/tags?post=32693"}],"curies":[{"name":"wp","href":"https:\/\/api.w.org\/{rel}","templated":true}]}}