{"id":32737,"date":"2025-08-28T19:22:29","date_gmt":"2025-08-28T23:22:29","guid":{"rendered":"https:\/\/www.pedroandretta.info\/index\/?p=32737"},"modified":"2025-08-28T19:22:33","modified_gmt":"2025-08-28T23:22:33","slug":"e-hora-de-parar-com-a-violacao-dos-direitos-das-bibliotecas-declaracao-da-ifla-sobre-anulacao-de-contrato-ifla","status":"publish","type":"post","link":"https:\/\/www.pedroandretta.info\/index\/2025\/08\/e-hora-de-parar-com-a-violacao-dos-direitos-das-bibliotecas-declaracao-da-ifla-sobre-anulacao-de-contrato-ifla\/","title":{"rendered":"\u00c9 hora de parar com a viola\u00e7\u00e3o dos direitos das bibliotecas: declara\u00e7\u00e3o da IFLA sobre anula\u00e7\u00e3o de contrato \/ IFLA"},"content":{"rendered":"\n<p><strong>\u00c9 hora de parar com a viola\u00e7\u00e3o dos direitos das bibliotecas: declara\u00e7\u00e3o da IFLA sobre anula\u00e7\u00e3o de contrato \/ IFLA<\/strong><\/p>\n\n\n\n<p>Com a transi\u00e7\u00e3o do conte\u00fado anal\u00f3gico para o digital, as bibliotecas cada vez mais deixam de possuir ou manter c\u00f3pias locais dos materiais aos quais fornecem acesso aos seus usu\u00e1rios.<br>Isso cria um contraste \u2013 um aumento nas possibilidades de acesso e uso de materiais, mas, ao mesmo tempo, novas possibilidades de restringir ou rastrear o uso. De fato, a transi\u00e7\u00e3o de c\u00f3pias f\u00edsicas para eletr\u00f4nicas chega a eliminar a capacidade b\u00e1sica das bibliotecas de escolher o conte\u00fado que desejam adquirir em primeiro lugar, dentro dos limites de seus or\u00e7amentos.<\/p>\n\n\n\n<p>via IFLA<\/p>\n\n\n\n<p>#Forma\u00e7\u00e3oDeCole\u00e7\u00f5es #IFLA<\/p>\n\n\n\n<p>Dispon\u00edvel em: <a href=\"https:\/\/www.ifla.org\/news\/time-to-stop-the-undermining-of-library-rights-ifla-statement-on-contract-override\/\">https:\/\/www.ifla.org\/news\/time-to-stop-the-undermining-of-library-rights-ifla-statement-on-contract-override\/<\/a><\/p>\n\n\n\n<figure class=\"wp-block-image size-large\"><img data-recalc-dims=\"1\" decoding=\"async\" width=\"410\" height=\"600\" src=\"https:\/\/i0.wp.com\/www.pedroandretta.info\/index\/wp-content\/uploads\/2025\/08\/image-127.png?resize=410%2C600&#038;ssl=1\" alt=\"\" class=\"wp-image-32738\" srcset=\"https:\/\/i0.wp.com\/www.pedroandretta.info\/index\/wp-content\/uploads\/2025\/08\/image-127.png?resize=410%2C600&amp;ssl=1 410w, https:\/\/i0.wp.com\/www.pedroandretta.info\/index\/wp-content\/uploads\/2025\/08\/image-127.png?resize=205%2C300&amp;ssl=1 205w, https:\/\/i0.wp.com\/www.pedroandretta.info\/index\/wp-content\/uploads\/2025\/08\/image-127.png?w=521&amp;ssl=1 521w\" sizes=\"(max-width: 410px) 100vw, 410px\" \/><\/figure>\n","protected":false},"excerpt":{"rendered":"<p>\u00c9 hora de parar com a viola\u00e7\u00e3o dos direitos das bibliotecas: declara\u00e7\u00e3o da IFLA sobre anula\u00e7\u00e3o de contrato \/ IFLA Com a transi\u00e7\u00e3o do conte\u00fado anal\u00f3gico para o digital, as bibliotecas cada vez mais deixam de possuir ou manter c\u00f3pias locais dos materiais aos quais fornecem acesso aos seus usu\u00e1rios.Isso cria um contraste \u2013 um<\/p><\/div>\n<div class=\"blog-btn\"><a href=\"https:\/\/www.pedroandretta.info\/index\/2025\/08\/e-hora-de-parar-com-a-violacao-dos-direitos-das-bibliotecas-declaracao-da-ifla-sobre-anulacao-de-contrato-ifla\/\" class=\"home-blog-btn\">Ler mais<\/a><\/p>\n","protected":false},"author":1,"featured_media":0,"comment_status":"open","ping_status":"open","sticky":false,"template":"","format":"standard","meta":{"_jetpack_memberships_contains_paid_content":false,"footnotes":"","jetpack_publicize_message":"","jetpack_publicize_feature_enabled":true,"jetpack_social_post_already_shared":true,"jetpack_social_options":{"image_generator_settings":{"template":"highway","default_image_id":0,"font":"","enabled":false},"version":2}},"categories":[21],"tags":[51,344],"class_list":["post-32737","post","type-post","status-publish","format-standard","hentry","category-informeci","tag-formacaodecolecoes","tag-ifla"],"jetpack_publicize_connections":[],"jetpack_featured_media_url":"","views":"","jetpack_sharing_enabled":true,"_links":{"self":[{"href":"https:\/\/www.pedroandretta.info\/index\/wp-json\/wp\/v2\/posts\/32737","targetHints":{"allow":["GET"]}}],"collection":[{"href":"https:\/\/www.pedroandretta.info\/index\/wp-json\/wp\/v2\/posts"}],"about":[{"href":"https:\/\/www.pedroandretta.info\/index\/wp-json\/wp\/v2\/types\/post"}],"author":[{"embeddable":true,"href":"https:\/\/www.pedroandretta.info\/index\/wp-json\/wp\/v2\/users\/1"}],"replies":[{"embeddable":true,"href":"https:\/\/www.pedroandretta.info\/index\/wp-json\/wp\/v2\/comments?post=32737"}],"version-history":[{"count":0,"href":"https:\/\/www.pedroandretta.info\/index\/wp-json\/wp\/v2\/posts\/32737\/revisions"}],"wp:attachment":[{"href":"https:\/\/www.pedroandretta.info\/index\/wp-json\/wp\/v2\/media?parent=32737"}],"wp:term":[{"taxonomy":"category","embeddable":true,"href":"https:\/\/www.pedroandretta.info\/index\/wp-json\/wp\/v2\/categories?post=32737"},{"taxonomy":"post_tag","embeddable":true,"href":"https:\/\/www.pedroandretta.info\/index\/wp-json\/wp\/v2\/tags?post=32737"}],"curies":[{"name":"wp","href":"https:\/\/api.w.org\/{rel}","templated":true}]}}