{"id":32946,"date":"2025-09-10T12:02:00","date_gmt":"2025-09-10T16:02:00","guid":{"rendered":"https:\/\/www.pedroandretta.info\/index\/?p=32946"},"modified":"2025-09-10T12:02:04","modified_gmt":"2025-09-10T16:02:04","slug":"brain-rot-ou-como-o-absurdo-pode-distribuir-discurso-de-odio-comein","status":"publish","type":"post","link":"https:\/\/www.pedroandretta.info\/index\/2025\/09\/brain-rot-ou-como-o-absurdo-pode-distribuir-discurso-de-odio-comein\/","title":{"rendered":"Brain rot: ou como o absurdo pode distribuir discurso de \u00f3dio \/ COMeIN"},"content":{"rendered":"\n<p><strong>Brain rot: ou como o absurdo pode distribuir discurso de \u00f3dio \/ COMeIN<\/strong><\/p>\n\n\n\n<p>O interesse em compreender os efeitos do uso de servi\u00e7os digitais nos usu\u00e1rios tamb\u00e9m cresceu nos \u00faltimos anos. Desde preocupa\u00e7\u00f5es com v\u00edcios tecnol\u00f3gicos at\u00e9 outros tipos de consequ\u00eancias. Nesse contexto, entende-se que, em dezembro de 2024, a Universidade de Oxford anunciou a palavra do ano &#8220;Brain Rot&#8221; , acompanhada da seguinte defini\u00e7\u00e3o: &#8220;a suposta deteriora\u00e7\u00e3o do estado mental ou intelectual de uma pessoa, especialmente vista como resultado do consumo excessivo de material (agora particularmente conte\u00fado online) considerado trivial ou pouco desafiador. Tamb\u00e9m: algo caracterizado como suscet\u00edvel de levar a tal deteriora\u00e7\u00e3o&#8221;.<\/p>\n\n\n\n<p>via COMeIN<\/p>\n\n\n\n<p>#BrainRot #DiscursoDe\u00d3dio<\/p>\n\n\n\n<p>Dispon\u00edvel em: <a href=\"https:\/\/comein.uoc.edu\/divulgacio\/comein\/ca\/numero157\/articles\/s-martinez-brain-rot-o-com-l-absurd-pot-distribuir-un-discurs-d-odi.html\">https:\/\/comein.uoc.edu\/divulgacio\/comein\/ca\/numero157\/articles\/s-martinez-brain-rot-o-com-l-absurd-pot-distribuir-un-discurs-d-odi.html<\/a><\/p>\n","protected":false},"excerpt":{"rendered":"<p>Brain rot: ou como o absurdo pode distribuir discurso de \u00f3dio \/ COMeIN O interesse em compreender os efeitos do uso de servi\u00e7os digitais nos usu\u00e1rios tamb\u00e9m cresceu nos \u00faltimos anos. Desde preocupa\u00e7\u00f5es com v\u00edcios tecnol\u00f3gicos at\u00e9 outros tipos de consequ\u00eancias. Nesse contexto, entende-se que, em dezembro de 2024, a Universidade de Oxford anunciou a<\/p><\/div>\n<div class=\"blog-btn\"><a href=\"https:\/\/www.pedroandretta.info\/index\/2025\/09\/brain-rot-ou-como-o-absurdo-pode-distribuir-discurso-de-odio-comein\/\" class=\"home-blog-btn\">Ler mais<\/a><\/p>\n","protected":false},"author":1,"featured_media":0,"comment_status":"open","ping_status":"open","sticky":false,"template":"","format":"standard","meta":{"_jetpack_memberships_contains_paid_content":false,"footnotes":"","jetpack_publicize_message":"","jetpack_publicize_feature_enabled":true,"jetpack_social_post_already_shared":true,"jetpack_social_options":{"image_generator_settings":{"template":"highway","default_image_id":0,"font":"","enabled":false},"version":2}},"categories":[21],"tags":[3717,1464],"class_list":["post-32946","post","type-post","status-publish","format-standard","hentry","category-informeci","tag-brainrot","tag-discursodeodio"],"jetpack_publicize_connections":[],"jetpack_featured_media_url":"","views":"","jetpack_sharing_enabled":true,"_links":{"self":[{"href":"https:\/\/www.pedroandretta.info\/index\/wp-json\/wp\/v2\/posts\/32946","targetHints":{"allow":["GET"]}}],"collection":[{"href":"https:\/\/www.pedroandretta.info\/index\/wp-json\/wp\/v2\/posts"}],"about":[{"href":"https:\/\/www.pedroandretta.info\/index\/wp-json\/wp\/v2\/types\/post"}],"author":[{"embeddable":true,"href":"https:\/\/www.pedroandretta.info\/index\/wp-json\/wp\/v2\/users\/1"}],"replies":[{"embeddable":true,"href":"https:\/\/www.pedroandretta.info\/index\/wp-json\/wp\/v2\/comments?post=32946"}],"version-history":[{"count":0,"href":"https:\/\/www.pedroandretta.info\/index\/wp-json\/wp\/v2\/posts\/32946\/revisions"}],"wp:attachment":[{"href":"https:\/\/www.pedroandretta.info\/index\/wp-json\/wp\/v2\/media?parent=32946"}],"wp:term":[{"taxonomy":"category","embeddable":true,"href":"https:\/\/www.pedroandretta.info\/index\/wp-json\/wp\/v2\/categories?post=32946"},{"taxonomy":"post_tag","embeddable":true,"href":"https:\/\/www.pedroandretta.info\/index\/wp-json\/wp\/v2\/tags?post=32946"}],"curies":[{"name":"wp","href":"https:\/\/api.w.org\/{rel}","templated":true}]}}