{"id":33272,"date":"2025-09-27T13:02:01","date_gmt":"2025-09-27T17:02:01","guid":{"rendered":"https:\/\/www.pedroandretta.info\/index\/?p=33272"},"modified":"2025-09-27T13:02:04","modified_gmt":"2025-09-27T17:02:04","slug":"mediacao-da-informacao-em-museus-concepcoes-a-partir-dos-textos-da-exposicao-thiago-giordano","status":"publish","type":"post","link":"https:\/\/www.pedroandretta.info\/index\/2025\/09\/mediacao-da-informacao-em-museus-concepcoes-a-partir-dos-textos-da-exposicao-thiago-giordano\/","title":{"rendered":"Media\u00e7\u00e3o da informa\u00e7\u00e3o em museus: concep\u00e7\u00f5es a partir dos textos da exposi\u00e7\u00e3o \/ Thiago Giordano"},"content":{"rendered":"\n<p><strong>Media\u00e7\u00e3o da informa\u00e7\u00e3o em museus: concep\u00e7\u00f5es a partir dos textos da exposi\u00e7\u00e3o \/ Thiago Giordano<\/strong><\/p>\n\n\n\n<p>\u201cMedia\u00e7\u00e3o da informa\u00e7\u00e3o em museus: concep\u00e7\u00f5es a partir dos textos da exposi\u00e7\u00e3o\u201d investiga como os discursos escritos presentes em exposi\u00e7\u00f5es moldam experi\u00eancias, constroem sentidos e medeiam rela\u00e7\u00f5es entre patrim\u00f4nio e p\u00fablico. A obra analisa o papel dos textos museogr\u00e1ficos como instrumentos de media\u00e7\u00e3o da informa\u00e7\u00e3o, destacando seu potencial de aproximar saberes, estimular reflex\u00f5es e democratizar o acesso \u00e0 cultura. Fundamentado em aportes te\u00f3ricos da Ci\u00eancia da Informa\u00e7\u00e3o e da Museologia, o livro examina concep\u00e7\u00f5es de media\u00e7\u00e3o aplicadas ao contexto museal, evidenciando a dimens\u00e3o pol\u00edtica, cognitiva e afetiva dos textos expositivos.\u00a0<\/p>\n\n\n\n<p>#Media\u00e7\u00e3oDaInforma\u00e7\u00e3o #Museus #Exposi\u00e7\u00f5es<\/p>\n\n\n\n<p>Dispon\u00edvel em: <a href=\"http:\/\/eprints.rclis.org\/47142\/\">http:\/\/eprints.rclis.org\/47142\/<\/a><\/p>\n\n\n\n<figure class=\"wp-block-image size-large\"><img data-recalc-dims=\"1\" decoding=\"async\" width=\"437\" height=\"600\" src=\"https:\/\/i0.wp.com\/www.pedroandretta.info\/index\/wp-content\/uploads\/2025\/09\/image-122.png?resize=437%2C600&#038;ssl=1\" alt=\"\" class=\"wp-image-33273\" srcset=\"https:\/\/i0.wp.com\/www.pedroandretta.info\/index\/wp-content\/uploads\/2025\/09\/image-122.png?resize=437%2C600&amp;ssl=1 437w, https:\/\/i0.wp.com\/www.pedroandretta.info\/index\/wp-content\/uploads\/2025\/09\/image-122.png?resize=218%2C300&amp;ssl=1 218w, https:\/\/i0.wp.com\/www.pedroandretta.info\/index\/wp-content\/uploads\/2025\/09\/image-122.png?w=493&amp;ssl=1 493w\" sizes=\"(max-width: 437px) 100vw, 437px\" \/><\/figure>\n","protected":false},"excerpt":{"rendered":"<p>Media\u00e7\u00e3o da informa\u00e7\u00e3o em museus: concep\u00e7\u00f5es a partir dos textos da exposi\u00e7\u00e3o \/ Thiago Giordano \u201cMedia\u00e7\u00e3o da informa\u00e7\u00e3o em museus: concep\u00e7\u00f5es a partir dos textos da exposi\u00e7\u00e3o\u201d investiga como os discursos escritos presentes em exposi\u00e7\u00f5es moldam experi\u00eancias, constroem sentidos e medeiam rela\u00e7\u00f5es entre patrim\u00f4nio e p\u00fablico. A obra analisa o papel dos textos museogr\u00e1ficos como<\/p><\/div>\n<div class=\"blog-btn\"><a href=\"https:\/\/www.pedroandretta.info\/index\/2025\/09\/mediacao-da-informacao-em-museus-concepcoes-a-partir-dos-textos-da-exposicao-thiago-giordano\/\" class=\"home-blog-btn\">Ler mais<\/a><\/p>\n","protected":false},"author":1,"featured_media":0,"comment_status":"open","ping_status":"open","sticky":false,"template":"","format":"standard","meta":{"_jetpack_memberships_contains_paid_content":false,"footnotes":"","jetpack_publicize_message":"","jetpack_publicize_feature_enabled":true,"jetpack_social_post_already_shared":true,"jetpack_social_options":{"image_generator_settings":{"template":"highway","default_image_id":0,"font":"","enabled":false},"version":2}},"categories":[21],"tags":[3756,509,34],"class_list":["post-33272","post","type-post","status-publish","format-standard","hentry","category-informeci","tag-exposicao","tag-mediacaodainformacao","tag-museus"],"jetpack_publicize_connections":[],"jetpack_featured_media_url":"","views":"","jetpack_sharing_enabled":true,"_links":{"self":[{"href":"https:\/\/www.pedroandretta.info\/index\/wp-json\/wp\/v2\/posts\/33272","targetHints":{"allow":["GET"]}}],"collection":[{"href":"https:\/\/www.pedroandretta.info\/index\/wp-json\/wp\/v2\/posts"}],"about":[{"href":"https:\/\/www.pedroandretta.info\/index\/wp-json\/wp\/v2\/types\/post"}],"author":[{"embeddable":true,"href":"https:\/\/www.pedroandretta.info\/index\/wp-json\/wp\/v2\/users\/1"}],"replies":[{"embeddable":true,"href":"https:\/\/www.pedroandretta.info\/index\/wp-json\/wp\/v2\/comments?post=33272"}],"version-history":[{"count":0,"href":"https:\/\/www.pedroandretta.info\/index\/wp-json\/wp\/v2\/posts\/33272\/revisions"}],"wp:attachment":[{"href":"https:\/\/www.pedroandretta.info\/index\/wp-json\/wp\/v2\/media?parent=33272"}],"wp:term":[{"taxonomy":"category","embeddable":true,"href":"https:\/\/www.pedroandretta.info\/index\/wp-json\/wp\/v2\/categories?post=33272"},{"taxonomy":"post_tag","embeddable":true,"href":"https:\/\/www.pedroandretta.info\/index\/wp-json\/wp\/v2\/tags?post=33272"}],"curies":[{"name":"wp","href":"https:\/\/api.w.org\/{rel}","templated":true}]}}