{"id":33344,"date":"2025-09-29T11:31:00","date_gmt":"2025-09-29T15:31:00","guid":{"rendered":"https:\/\/www.pedroandretta.info\/index\/?p=33344"},"modified":"2025-09-28T14:32:51","modified_gmt":"2025-09-28T18:32:51","slug":"sai-o-resultado-do-premio-capes-futuras-cientistas-2025-capes","status":"publish","type":"post","link":"https:\/\/www.pedroandretta.info\/index\/2025\/09\/sai-o-resultado-do-premio-capes-futuras-cientistas-2025-capes\/","title":{"rendered":"Sai o resultado do Pr\u00eamio CAPES Futuras Cientistas 2025 \/ CAPES"},"content":{"rendered":"\n<p><strong>Sai o resultado do Pr\u00eamio CAPES Futuras Cientistas 2025 \/ CAPES<\/strong><\/p>\n\n\n\n<p>O objetivo da iniciativa \u00e9 incentivar, valorizar e dar visibilidade a alunas, professoras e tutoras de escolas p\u00fablicas estaduais, como forma de estimular o aumento da participa\u00e7\u00e3o feminina nos espa\u00e7os de desenvolvimento cient\u00edfico das \u00e1reas STEM (Ci\u00eancias, Tecnologia, Engenharias e Matem\u00e1tica).<\/p>\n\n\n\n<p>A premia\u00e7\u00e3o \u00e9 fruto de parceria entre a CAPES\/MEC e o Centro de Tecnologias Estrat\u00e9gicas do Nordeste (Cetene), unidade de pesquisa do Minist\u00e9rio da Ci\u00eancia, Tecnologia e Inova\u00e7\u00e3o (MCTI), pensada para promover a participa\u00e7\u00e3o de meninas e mulheres de todo o pa\u00eds. <\/p>\n\n\n\n<p>#MulheresNaCi\u00eancia<\/p>\n\n\n\n<p>via CAPES<\/p>\n\n\n\n<p>Dispon\u00edvel em: <a href=\"https:\/\/www.gov.br\/capes\/pt-br\/assuntos\/noticias\/sai-o-resultado-do-premio-capes-futuras-cientistas-2025\">https:\/\/www.gov.br\/capes\/pt-br\/assuntos\/noticias\/sai-o-resultado-do-premio-capes-futuras-cientistas-2025<\/a><\/p>\n","protected":false},"excerpt":{"rendered":"<p>Sai o resultado do Pr\u00eamio CAPES Futuras Cientistas 2025 \/ CAPES O objetivo da iniciativa \u00e9 incentivar, valorizar e dar visibilidade a alunas, professoras e tutoras de escolas p\u00fablicas estaduais, como forma de estimular o aumento da participa\u00e7\u00e3o feminina nos espa\u00e7os de desenvolvimento cient\u00edfico das \u00e1reas STEM (Ci\u00eancias, Tecnologia, Engenharias e Matem\u00e1tica). A premia\u00e7\u00e3o \u00e9<\/p><\/div>\n<div class=\"blog-btn\"><a href=\"https:\/\/www.pedroandretta.info\/index\/2025\/09\/sai-o-resultado-do-premio-capes-futuras-cientistas-2025-capes\/\" class=\"home-blog-btn\">Ler mais<\/a><\/p>\n","protected":false},"author":1,"featured_media":0,"comment_status":"open","ping_status":"open","sticky":false,"template":"","format":"standard","meta":{"_jetpack_memberships_contains_paid_content":false,"footnotes":"","jetpack_publicize_message":"","jetpack_publicize_feature_enabled":true,"jetpack_social_post_already_shared":true,"jetpack_social_options":{"image_generator_settings":{"template":"highway","default_image_id":0,"font":"","enabled":false},"version":2}},"categories":[21],"tags":[1689],"class_list":["post-33344","post","type-post","status-publish","format-standard","hentry","category-informeci","tag-mulheresnaciencia"],"jetpack_publicize_connections":[],"jetpack_featured_media_url":"","views":"","jetpack_sharing_enabled":true,"_links":{"self":[{"href":"https:\/\/www.pedroandretta.info\/index\/wp-json\/wp\/v2\/posts\/33344","targetHints":{"allow":["GET"]}}],"collection":[{"href":"https:\/\/www.pedroandretta.info\/index\/wp-json\/wp\/v2\/posts"}],"about":[{"href":"https:\/\/www.pedroandretta.info\/index\/wp-json\/wp\/v2\/types\/post"}],"author":[{"embeddable":true,"href":"https:\/\/www.pedroandretta.info\/index\/wp-json\/wp\/v2\/users\/1"}],"replies":[{"embeddable":true,"href":"https:\/\/www.pedroandretta.info\/index\/wp-json\/wp\/v2\/comments?post=33344"}],"version-history":[{"count":0,"href":"https:\/\/www.pedroandretta.info\/index\/wp-json\/wp\/v2\/posts\/33344\/revisions"}],"wp:attachment":[{"href":"https:\/\/www.pedroandretta.info\/index\/wp-json\/wp\/v2\/media?parent=33344"}],"wp:term":[{"taxonomy":"category","embeddable":true,"href":"https:\/\/www.pedroandretta.info\/index\/wp-json\/wp\/v2\/categories?post=33344"},{"taxonomy":"post_tag","embeddable":true,"href":"https:\/\/www.pedroandretta.info\/index\/wp-json\/wp\/v2\/tags?post=33344"}],"curies":[{"name":"wp","href":"https:\/\/api.w.org\/{rel}","templated":true}]}}