{"id":3344,"date":"2019-12-21T03:00:17","date_gmt":"2019-12-21T03:00:17","guid":{"rendered":"https:\/\/www.pedroandretta.info\/index\/?p=3344"},"modified":"2019-12-21T03:00:17","modified_gmt":"2019-12-21T03:00:17","slug":"xiii-encuentro-de-directores-y-xii-de-docentes-de-escuelas-de-bibliotecologia-y","status":"publish","type":"post","link":"https:\/\/www.pedroandretta.info\/index\/2019\/12\/xiii-encuentro-de-directores-y-xii-de-docentes-de-escuelas-de-bibliotecologia-y\/","title":{"rendered":"XIII Encuentro de Directores y XII de Docentes de Escuelas de Bibliotecolog\u00eda y &#8230;"},"content":{"rendered":"<p>[ad_1]<\/p>\n<blockquote class=\"twitter-tweet\">\n<p lang=\"pt\" dir=\"ltr\">XIII Encuentro de Directores y XII de Docentes de Escuelas de Bibliotecolog\u00eda y Ciencia de la Informaci\u00f3n del MERCOSUR, ocorrer\u00e1 entre 9 e 12 de setembro de 2020! Em breve ser\u00e3o divulgados a programa\u00e7\u00e3o e prazos para submiss\u00e3o de trabalhos! <a target=\"_blank\" href=\"https:\/\/twitter.com\/hashtag\/eventosCI?src=hash&amp;ref_src=twsrc%5Etfw\" rel=\"noopener noreferrer\">#eventosCI<\/a> <a target=\"_blank\" href=\"https:\/\/t.co\/LNcRlcEwMd\" rel=\"noopener noreferrer\">https:\/\/t.co\/LNcRlcEwMd<\/a><\/p>\n<p>&mdash; Pedro Andretta (@andretta_pedro) <a target=\"_blank\" href=\"https:\/\/twitter.com\/andretta_pedro\/status\/1208220618228977664?ref_src=twsrc%5Etfw\" rel=\"noopener noreferrer\">December 21, 2019<\/a><\/p><\/blockquote>\n<p><script async src=\"https:\/\/platform.twitter.com\/widgets.js\" charset=\"utf-8\"><\/script><\/p>\n<p>[ad_2]<br \/>\n<br \/><a href=\"https:\/\/twitter.com\/andretta_pedro\/statuses\/1208220618228977664\">Source<\/a> by <a href=\"https:\/\/t.co\/MfIsGWjH1p\">Pedro Andretta<\/a><\/p>\n","protected":false},"excerpt":{"rendered":"<p>[ad_1] XIII Encuentro de Directores y XII de Docentes de Escuelas de Bibliotecolog\u00eda y Ciencia de la Informaci\u00f3n del MERCOSUR, ocorrer\u00e1 entre 9 e 12 de setembro de 2020! Em breve ser\u00e3o divulgados a programa\u00e7\u00e3o e prazos para submiss\u00e3o de trabalhos! #eventosCI https:\/\/t.co\/LNcRlcEwMd &mdash; Pedro Andretta (@andretta_pedro) December 21, 2019 [ad_2] Source by Pedro Andretta<\/p>\n","protected":false},"author":1,"featured_media":0,"comment_status":"closed","ping_status":"open","sticky":false,"template":"","format":"standard","meta":{"_jetpack_memberships_contains_paid_content":false,"footnotes":"","jetpack_publicize_message":"","jetpack_publicize_feature_enabled":true,"jetpack_social_post_already_shared":false,"jetpack_social_options":{"image_generator_settings":{"template":"highway","default_image_id":0,"font":"","enabled":false},"version":2}},"categories":[21],"tags":[319],"class_list":["post-3344","post","type-post","status-publish","format-standard","hentry","category-informeci","tag-eventosci"],"jetpack_publicize_connections":[],"jetpack_featured_media_url":"","views":"","jetpack_sharing_enabled":true,"_links":{"self":[{"href":"https:\/\/www.pedroandretta.info\/index\/wp-json\/wp\/v2\/posts\/3344","targetHints":{"allow":["GET"]}}],"collection":[{"href":"https:\/\/www.pedroandretta.info\/index\/wp-json\/wp\/v2\/posts"}],"about":[{"href":"https:\/\/www.pedroandretta.info\/index\/wp-json\/wp\/v2\/types\/post"}],"author":[{"embeddable":true,"href":"https:\/\/www.pedroandretta.info\/index\/wp-json\/wp\/v2\/users\/1"}],"replies":[{"embeddable":true,"href":"https:\/\/www.pedroandretta.info\/index\/wp-json\/wp\/v2\/comments?post=3344"}],"version-history":[{"count":0,"href":"https:\/\/www.pedroandretta.info\/index\/wp-json\/wp\/v2\/posts\/3344\/revisions"}],"wp:attachment":[{"href":"https:\/\/www.pedroandretta.info\/index\/wp-json\/wp\/v2\/media?parent=3344"}],"wp:term":[{"taxonomy":"category","embeddable":true,"href":"https:\/\/www.pedroandretta.info\/index\/wp-json\/wp\/v2\/categories?post=3344"},{"taxonomy":"post_tag","embeddable":true,"href":"https:\/\/www.pedroandretta.info\/index\/wp-json\/wp\/v2\/tags?post=3344"}],"curies":[{"name":"wp","href":"https:\/\/api.w.org\/{rel}","templated":true}]}}