{"id":33461,"date":"2025-09-30T10:48:00","date_gmt":"2025-09-30T14:48:00","guid":{"rendered":"https:\/\/www.pedroandretta.info\/index\/?p=33461"},"modified":"2025-09-30T08:51:27","modified_gmt":"2025-09-30T12:51:27","slug":"vamos-conversar-sobre-o-futuro-da-sala-de-aula-jornal-da-unicamp","status":"publish","type":"post","link":"https:\/\/www.pedroandretta.info\/index\/2025\/09\/vamos-conversar-sobre-o-futuro-da-sala-de-aula-jornal-da-unicamp\/","title":{"rendered":"Vamos conversar sobre o futuro da sala de aula? \/ Jornal da UNICAMP"},"content":{"rendered":"\n<p><strong>Vamos conversar sobre o futuro da sala de aula? \/ Jornal da UNICAMP<\/strong><\/p>\n\n\n\n<p>A pergunta que me tenho feito \u00e9 a seguinte: se o conhecimento est\u00e1 em toda parte, acess\u00edvel facilmente para quem quiser acessar, e a IA se torna uma parceira do ensino e do aprendizado, qual \u00e9 a fun\u00e7\u00e3o da sala de aula? Se o professor se limitar a repetir conte\u00fados dispon\u00edveis em livros-textos e em qualquer site ou a reproduzir explica\u00e7\u00f5es que a IA faz melhor, mais r\u00e1pido e de forma personalizada, a sala de aula \u2013 a aula \u2013 tal como a conhecemos perde sentido. Se o professor se limitar ao papel tradicional de transmitir conhecimento, ser\u00e1 facilmente substitu\u00edvel.<\/p>\n\n\n\n<p>O novo papel poss\u00edvel \u00e9 outro: ser mediador, curador, provocador de perguntas, cr\u00edtico das respostas f\u00e1ceis. O professor deixa de ser o guardi\u00e3o do conhecimento e passa a ser o orientador do processo de constru\u00e7\u00e3o, ajudando os estudantes a navegar em meio ao excesso de informa\u00e7\u00f5es, a avaliar a confiabilidade das fontes e a cultivar a capacidade cr\u00edtica. O problema \u00e9 que ainda n\u00e3o sabemos muito bem como desempenhar esse papel.<\/p>\n\n\n\n<p>#Professores #Ensino #Tend\u00eancias<\/p>\n\n\n\n<p>via Jornal da UNICAMP<\/p>\n\n\n\n<p>Dispon\u00edvel em: <a href=\"https:\/\/jornal.unicamp.br\/artigo\/2025\/09\/26\/antonio-marcio-buainain\/vamos-conversar-sobre-o-futuro-da-sala-de-aula\/\">https:\/\/jornal.unicamp.br\/artigo\/2025\/09\/26\/antonio-marcio-buainain\/vamos-conversar-sobre-o-futuro-da-sala-de-aula\/<\/a><\/p>\n","protected":false},"excerpt":{"rendered":"<p>Vamos conversar sobre o futuro da sala de aula? \/ Jornal da UNICAMP A pergunta que me tenho feito \u00e9 a seguinte: se o conhecimento est\u00e1 em toda parte, acess\u00edvel facilmente para quem quiser acessar, e a IA se torna uma parceira do ensino e do aprendizado, qual \u00e9 a fun\u00e7\u00e3o da sala de aula?<\/p><\/div>\n<div class=\"blog-btn\"><a href=\"https:\/\/www.pedroandretta.info\/index\/2025\/09\/vamos-conversar-sobre-o-futuro-da-sala-de-aula-jornal-da-unicamp\/\" class=\"home-blog-btn\">Ler mais<\/a><\/p>\n","protected":false},"author":1,"featured_media":0,"comment_status":"open","ping_status":"open","sticky":false,"template":"","format":"standard","meta":{"_jetpack_newsletter_access":"","_jetpack_dont_email_post_to_subs":false,"_jetpack_newsletter_tier_id":0,"_jetpack_memberships_contains_paywalled_content":false,"_jetpack_feature_clip_id":0,"_jetpack_memberships_contains_paid_content":false,"footnotes":"","jetpack_publicize_message":"","jetpack_publicize_feature_enabled":true,"jetpack_social_post_already_shared":true,"jetpack_social_options":{"image_generator_settings":{"template":"highway","default_image_id":0,"font":"","enabled":false},"version":2},"jetpack_post_was_ever_published":false},"categories":[21],"tags":[373,44,707],"class_list":["post-33461","post","type-post","status-publish","format-standard","hentry","category-informeci","tag-ensino","tag-professores","tag-tendencias"],"jetpack_publicize_connections":[],"jetpack_featured_media_url":"","views":"","jetpack_sharing_enabled":true,"_links":{"self":[{"href":"https:\/\/www.pedroandretta.info\/index\/wp-json\/wp\/v2\/posts\/33461","targetHints":{"allow":["GET"]}}],"collection":[{"href":"https:\/\/www.pedroandretta.info\/index\/wp-json\/wp\/v2\/posts"}],"about":[{"href":"https:\/\/www.pedroandretta.info\/index\/wp-json\/wp\/v2\/types\/post"}],"author":[{"embeddable":true,"href":"https:\/\/www.pedroandretta.info\/index\/wp-json\/wp\/v2\/users\/1"}],"replies":[{"embeddable":true,"href":"https:\/\/www.pedroandretta.info\/index\/wp-json\/wp\/v2\/comments?post=33461"}],"version-history":[{"count":0,"href":"https:\/\/www.pedroandretta.info\/index\/wp-json\/wp\/v2\/posts\/33461\/revisions"}],"wp:attachment":[{"href":"https:\/\/www.pedroandretta.info\/index\/wp-json\/wp\/v2\/media?parent=33461"}],"wp:term":[{"taxonomy":"category","embeddable":true,"href":"https:\/\/www.pedroandretta.info\/index\/wp-json\/wp\/v2\/categories?post=33461"},{"taxonomy":"post_tag","embeddable":true,"href":"https:\/\/www.pedroandretta.info\/index\/wp-json\/wp\/v2\/tags?post=33461"}],"curies":[{"name":"wp","href":"https:\/\/api.w.org\/{rel}","templated":true}]}}