{"id":33522,"date":"2025-10-01T12:04:17","date_gmt":"2025-10-01T16:04:17","guid":{"rendered":"https:\/\/www.pedroandretta.info\/index\/?p=33522"},"modified":"2025-10-01T12:04:21","modified_gmt":"2025-10-01T16:04:21","slug":"contribuicoes-da-biblioteconomia-para-os-objetivos-de-desenvolvimento-sustentavel-risc","status":"publish","type":"post","link":"https:\/\/www.pedroandretta.info\/index\/2025\/10\/contribuicoes-da-biblioteconomia-para-os-objetivos-de-desenvolvimento-sustentavel-risc\/","title":{"rendered":"Contribui\u00e7\u00f5es da Biblioteconomia para os Objetivos de Desenvolvimento Sustent\u00e1vel \/ RISC"},"content":{"rendered":"\n<p><strong>Contribui\u00e7\u00f5es da Biblioteconomia para os Objetivos de Desenvolvimento Sustent\u00e1vel \/ RISC<\/strong><\/p>\n\n\n\n<p>Resultados: Indicam que o ODS 4 \u2013 \u201cEduca\u00e7\u00e3o de qualidade\u201d \u00e9 o mais recorrente, envolvendo alfabetiza\u00e7\u00e3o informacional, bibliotecas universit\u00e1rias, atua\u00e7\u00e3o do bibliotec\u00e1rio, organiza\u00e7\u00e3o do conhecimento e sistemas de classifica\u00e7\u00e3o, seguido pelo ODS 3 \u2013 \u201cSa\u00fade e bem-estar\u201d. Os anos de 2019 e 2020 apresentam maior produ\u00e7\u00e3o. Quanto \u00e0 autoria, Fujita e Mart\u00ednez se destacam como pesquisadores mais representativos. Conclus\u00e3o: A Biblioteconomia demonstra uma contribui\u00e7\u00e3o relevante e consistente para a promo\u00e7\u00e3o dos ODS, especialmente por meio de sua produ\u00e7\u00e3o cient\u00edfica voltada \u00e0 informa\u00e7\u00e3o, educa\u00e7\u00e3o e acesso ao conhecimento.<\/p>\n\n\n\n<p>#ODS #Biblioteconomia<\/p>\n\n\n\n<p>Dispon\u00edvel em: <a href=\"https:\/\/periodicos.ufrn.br\/informacao\/article\/view\/40459\">https:\/\/periodicos.ufrn.br\/informacao\/article\/view\/40459<\/a><\/p>\n\n\n\n<figure class=\"wp-block-image size-large\"><img data-recalc-dims=\"1\" decoding=\"async\" width=\"426\" height=\"600\" src=\"https:\/\/i0.wp.com\/www.pedroandretta.info\/index\/wp-content\/uploads\/2025\/10\/image-4.png?resize=426%2C600&#038;ssl=1\" alt=\"\" class=\"wp-image-33523\" srcset=\"https:\/\/i0.wp.com\/www.pedroandretta.info\/index\/wp-content\/uploads\/2025\/10\/image-4.png?resize=426%2C600&amp;ssl=1 426w, https:\/\/i0.wp.com\/www.pedroandretta.info\/index\/wp-content\/uploads\/2025\/10\/image-4.png?resize=213%2C300&amp;ssl=1 213w, https:\/\/i0.wp.com\/www.pedroandretta.info\/index\/wp-content\/uploads\/2025\/10\/image-4.png?w=533&amp;ssl=1 533w\" sizes=\"(max-width: 426px) 100vw, 426px\" \/><\/figure>\n","protected":false},"excerpt":{"rendered":"<p>Contribui\u00e7\u00f5es da Biblioteconomia para os Objetivos de Desenvolvimento Sustent\u00e1vel \/ RISC Resultados: Indicam que o ODS 4 \u2013 \u201cEduca\u00e7\u00e3o de qualidade\u201d \u00e9 o mais recorrente, envolvendo alfabetiza\u00e7\u00e3o informacional, bibliotecas universit\u00e1rias, atua\u00e7\u00e3o do bibliotec\u00e1rio, organiza\u00e7\u00e3o do conhecimento e sistemas de classifica\u00e7\u00e3o, seguido pelo ODS 3 \u2013 \u201cSa\u00fade e bem-estar\u201d. Os anos de 2019 e 2020 apresentam<\/p><\/div>\n<div class=\"blog-btn\"><a href=\"https:\/\/www.pedroandretta.info\/index\/2025\/10\/contribuicoes-da-biblioteconomia-para-os-objetivos-de-desenvolvimento-sustentavel-risc\/\" class=\"home-blog-btn\">Ler mais<\/a><\/p>\n","protected":false},"author":1,"featured_media":0,"comment_status":"open","ping_status":"open","sticky":false,"template":"","format":"standard","meta":{"_jetpack_newsletter_access":"","_jetpack_dont_email_post_to_subs":false,"_jetpack_newsletter_tier_id":0,"_jetpack_memberships_contains_paywalled_content":false,"_jetpack_feature_clip_id":0,"_jetpack_memberships_contains_paid_content":false,"footnotes":"","jetpack_publicize_message":"","jetpack_publicize_feature_enabled":true,"jetpack_social_post_already_shared":true,"jetpack_social_options":{"image_generator_settings":{"template":"highway","default_image_id":0,"font":"","enabled":false},"version":2},"jetpack_post_was_ever_published":false},"categories":[21],"tags":[33,855],"class_list":["post-33522","post","type-post","status-publish","format-standard","hentry","category-informeci","tag-biblioteconomia","tag-ods"],"jetpack_publicize_connections":[],"jetpack_featured_media_url":"","views":"","jetpack_sharing_enabled":true,"_links":{"self":[{"href":"https:\/\/www.pedroandretta.info\/index\/wp-json\/wp\/v2\/posts\/33522","targetHints":{"allow":["GET"]}}],"collection":[{"href":"https:\/\/www.pedroandretta.info\/index\/wp-json\/wp\/v2\/posts"}],"about":[{"href":"https:\/\/www.pedroandretta.info\/index\/wp-json\/wp\/v2\/types\/post"}],"author":[{"embeddable":true,"href":"https:\/\/www.pedroandretta.info\/index\/wp-json\/wp\/v2\/users\/1"}],"replies":[{"embeddable":true,"href":"https:\/\/www.pedroandretta.info\/index\/wp-json\/wp\/v2\/comments?post=33522"}],"version-history":[{"count":0,"href":"https:\/\/www.pedroandretta.info\/index\/wp-json\/wp\/v2\/posts\/33522\/revisions"}],"wp:attachment":[{"href":"https:\/\/www.pedroandretta.info\/index\/wp-json\/wp\/v2\/media?parent=33522"}],"wp:term":[{"taxonomy":"category","embeddable":true,"href":"https:\/\/www.pedroandretta.info\/index\/wp-json\/wp\/v2\/categories?post=33522"},{"taxonomy":"post_tag","embeddable":true,"href":"https:\/\/www.pedroandretta.info\/index\/wp-json\/wp\/v2\/tags?post=33522"}],"curies":[{"name":"wp","href":"https:\/\/api.w.org\/{rel}","templated":true}]}}