{"id":33534,"date":"2025-10-02T12:18:50","date_gmt":"2025-10-02T16:18:50","guid":{"rendered":"https:\/\/www.pedroandretta.info\/index\/?p=33534"},"modified":"2025-10-01T12:22:21","modified_gmt":"2025-10-01T16:22:21","slug":"a-agenda-de-pesquisa-pessoal-do-bibliotecario-canadian-journal-of-academic-librarianship","status":"publish","type":"post","link":"https:\/\/www.pedroandretta.info\/index\/2025\/10\/a-agenda-de-pesquisa-pessoal-do-bibliotecario-canadian-journal-of-academic-librarianship\/","title":{"rendered":"A Agenda de Pesquisa Pessoal do Bibliotec\u00e1rio \/ Canadian Journal of Academic Librarianship\u00a0"},"content":{"rendered":"\n<p><strong>A Agenda de Pesquisa Pessoal do Bibliotec\u00e1rio \/ Canadian Journal of Academic Librarianship\u00a0<\/strong><\/p>\n\n\n\n<p>Agendas pessoais de pesquisa s\u00e3o planos que visam articular tanto seus focos de pesquisa quanto seus planos para conduzi-la. As agendas de pesquisa tamb\u00e9m ajudam a esclarecer que a pesquisa n\u00e3o precisa ser algo que termina com a conclus\u00e3o de um projeto, seja um artigo ou uma apresenta\u00e7\u00e3o em confer\u00eancia, mas sim algo que pode crescer, se expandir e envolver m\u00faltiplos projetos.<\/p>\n\n\n\n<p>O primeiro passo para construir uma agenda de pesquisa \u00e9 identificar uma \u00e1rea (ou \u00e1reas) de concentra\u00e7\u00e3o que voc\u00ea considere interessante e que acredite haver necessidade de pesquisa adicional sobre o tema. Os temas devem ter um certo grau de especificidade; Ci\u00eancia da Informa\u00e7\u00e3o \u00e9 um campo excepcionalmente amplo, e uma \u00fanica pessoa n\u00e3o poderia esperar estudar todos os seus aspectos. Dizer que voc\u00ea espera &#8220;conduzir pesquisas em Ci\u00eancia da Informa\u00e7\u00e3o&#8221; \u00e9, portanto, vago o suficiente para ser extremamente in\u00fatil. Algo mais espec\u00edfico deve ser escolhido.<\/p>\n\n\n\n<p>#Bibliotec\u00e1rios #PesquisaCient\u00edfica<\/p>\n\n\n\n<p>Dispon\u00edvel em: <a href=\"https:\/\/cjal.ca\/index.php\/capal\/article\/view\/45089\">https:\/\/cjal.ca\/index.php\/capal\/article\/view\/45089<\/a><\/p>\n\n\n\n<figure class=\"wp-block-image size-large\"><img data-recalc-dims=\"1\" decoding=\"async\" width=\"412\" height=\"600\" src=\"https:\/\/i0.wp.com\/www.pedroandretta.info\/index\/wp-content\/uploads\/2025\/10\/image-8.png?resize=412%2C600&#038;ssl=1\" alt=\"\" class=\"wp-image-33535\" srcset=\"https:\/\/i0.wp.com\/www.pedroandretta.info\/index\/wp-content\/uploads\/2025\/10\/image-8.png?resize=412%2C600&amp;ssl=1 412w, https:\/\/i0.wp.com\/www.pedroandretta.info\/index\/wp-content\/uploads\/2025\/10\/image-8.png?resize=206%2C300&amp;ssl=1 206w, https:\/\/i0.wp.com\/www.pedroandretta.info\/index\/wp-content\/uploads\/2025\/10\/image-8.png?w=431&amp;ssl=1 431w\" sizes=\"(max-width: 412px) 100vw, 412px\" \/><\/figure>\n","protected":false},"excerpt":{"rendered":"<p>A Agenda de Pesquisa Pessoal do Bibliotec\u00e1rio \/ Canadian Journal of Academic Librarianship\u00a0 Agendas pessoais de pesquisa s\u00e3o planos que visam articular tanto seus focos de pesquisa quanto seus planos para conduzi-la. As agendas de pesquisa tamb\u00e9m ajudam a esclarecer que a pesquisa n\u00e3o precisa ser algo que termina com a conclus\u00e3o de um projeto,<\/p><\/div>\n<div class=\"blog-btn\"><a href=\"https:\/\/www.pedroandretta.info\/index\/2025\/10\/a-agenda-de-pesquisa-pessoal-do-bibliotecario-canadian-journal-of-academic-librarianship\/\" class=\"home-blog-btn\">Ler mais<\/a><\/p>\n","protected":false},"author":1,"featured_media":0,"comment_status":"open","ping_status":"open","sticky":false,"template":"","format":"standard","meta":{"_jetpack_memberships_contains_paid_content":false,"footnotes":"","jetpack_publicize_message":"","jetpack_publicize_feature_enabled":true,"jetpack_social_post_already_shared":true,"jetpack_social_options":{"image_generator_settings":{"template":"highway","default_image_id":0,"font":"","enabled":false},"version":2}},"categories":[21],"tags":[22,556],"class_list":["post-33534","post","type-post","status-publish","format-standard","hentry","category-informeci","tag-bibliotecarios","tag-pesquisacientifica"],"jetpack_publicize_connections":[],"jetpack_featured_media_url":"","views":"","jetpack_sharing_enabled":true,"_links":{"self":[{"href":"https:\/\/www.pedroandretta.info\/index\/wp-json\/wp\/v2\/posts\/33534","targetHints":{"allow":["GET"]}}],"collection":[{"href":"https:\/\/www.pedroandretta.info\/index\/wp-json\/wp\/v2\/posts"}],"about":[{"href":"https:\/\/www.pedroandretta.info\/index\/wp-json\/wp\/v2\/types\/post"}],"author":[{"embeddable":true,"href":"https:\/\/www.pedroandretta.info\/index\/wp-json\/wp\/v2\/users\/1"}],"replies":[{"embeddable":true,"href":"https:\/\/www.pedroandretta.info\/index\/wp-json\/wp\/v2\/comments?post=33534"}],"version-history":[{"count":0,"href":"https:\/\/www.pedroandretta.info\/index\/wp-json\/wp\/v2\/posts\/33534\/revisions"}],"wp:attachment":[{"href":"https:\/\/www.pedroandretta.info\/index\/wp-json\/wp\/v2\/media?parent=33534"}],"wp:term":[{"taxonomy":"category","embeddable":true,"href":"https:\/\/www.pedroandretta.info\/index\/wp-json\/wp\/v2\/categories?post=33534"},{"taxonomy":"post_tag","embeddable":true,"href":"https:\/\/www.pedroandretta.info\/index\/wp-json\/wp\/v2\/tags?post=33534"}],"curies":[{"name":"wp","href":"https:\/\/api.w.org\/{rel}","templated":true}]}}