{"id":3374,"date":"2019-12-21T17:36:13","date_gmt":"2019-12-21T17:36:13","guid":{"rendered":"https:\/\/www.pedroandretta.info\/index\/?p=3374"},"modified":"2019-12-21T17:36:13","modified_gmt":"2019-12-21T17:36:13","slug":"especialistas-comentam-ampliacao-da-carga-horaria-ead-para-40-particularmen","status":"publish","type":"post","link":"https:\/\/www.pedroandretta.info\/index\/2019\/12\/especialistas-comentam-ampliacao-da-carga-horaria-ead-para-40-particularmen\/","title":{"rendered":"\u201cEspecialistas comentam amplia\u00e7\u00e3o da carga hor\u00e1ria #EAD para 40%\u201d| Particularmen&#8230;"},"content":{"rendered":"<p>[ad_1]<br \/>\n<img data-recalc-dims=\"1\" decoding=\"async\" src=\"https:\/\/i0.wp.com\/desafiosdaeducacao.grupoa.com.br\/wp-content\/uploads\/2019\/12\/Novo-Projeto-2.png?w=696&#038;ssl=1\"\/><\/p>\n<blockquote class=\"twitter-tweet\">\n<p lang=\"pt\" dir=\"ltr\">\u201cEspecialistas comentam amplia\u00e7\u00e3o da carga hor\u00e1ria <a target=\"_blank\" href=\"https:\/\/twitter.com\/hashtag\/EAD?src=hash&amp;ref_src=twsrc%5Etfw\" rel=\"noopener noreferrer\">#EAD<\/a> para 40%\u201d| Particularmente acho 40% muito para um curso presencial e bem arriscado pra aprendizagem&#8230; as a\u00e7\u00f5es da \u00c2nima, Cogna (ex-Kroton), Ser Educacional e Yduqs (ex-Est\u00e1cio) fecharam em alta&#8230; <a target=\"_blank\" href=\"https:\/\/t.co\/X1wKaO9gCZ\" rel=\"noopener noreferrer\">https:\/\/t.co\/X1wKaO9gCZ<\/a><\/p>\n<p>&mdash; Pedro Andretta (@andretta_pedro) <a target=\"_blank\" href=\"https:\/\/twitter.com\/andretta_pedro\/status\/1208441052186763264?ref_src=twsrc%5Etfw\" rel=\"noopener noreferrer\">December 21, 2019<\/a><\/p><\/blockquote>\n<p><script async src=\"https:\/\/platform.twitter.com\/widgets.js\" charset=\"utf-8\"><\/script><\/p>\n<p>[ad_2]<br \/>\n<br \/><a href=\"https:\/\/twitter.com\/andretta_pedro\/statuses\/1208441052186763264\">Source<\/a> by <a href=\"https:\/\/t.co\/MfIsGWjH1p\">Pedro Andretta<\/a><\/p>\n","protected":false},"excerpt":{"rendered":"<p>[ad_1] \u201cEspecialistas comentam amplia\u00e7\u00e3o da carga hor\u00e1ria #EAD para 40%\u201d| Particularmente acho 40% muito para um curso presencial e bem arriscado pra aprendizagem&#8230; as a\u00e7\u00f5es da \u00c2nima, Cogna (ex-Kroton), Ser Educacional e Yduqs (ex-Est\u00e1cio) fecharam em alta&#8230; https:\/\/t.co\/X1wKaO9gCZ &mdash; Pedro Andretta (@andretta_pedro) December 21, 2019 [ad_2] Source by Pedro Andretta<\/p>\n","protected":false},"author":1,"featured_media":3375,"comment_status":"closed","ping_status":"open","sticky":false,"template":"","format":"standard","meta":{"_jetpack_memberships_contains_paid_content":false,"footnotes":"","jetpack_publicize_message":"","jetpack_publicize_feature_enabled":true,"jetpack_social_post_already_shared":true,"jetpack_social_options":{"image_generator_settings":{"template":"highway","default_image_id":0,"font":"","enabled":false},"version":2}},"categories":[21],"tags":[324],"class_list":["post-3374","post","type-post","status-publish","format-standard","has-post-thumbnail","hentry","category-informeci","tag-ead"],"jetpack_publicize_connections":[],"jetpack_featured_media_url":"https:\/\/i0.wp.com\/www.pedroandretta.info\/index\/wp-content\/uploads\/2019\/12\/Novo-Projeto-2.png?fit=1280%2C920&ssl=1","views":"","jetpack_sharing_enabled":true,"_links":{"self":[{"href":"https:\/\/www.pedroandretta.info\/index\/wp-json\/wp\/v2\/posts\/3374","targetHints":{"allow":["GET"]}}],"collection":[{"href":"https:\/\/www.pedroandretta.info\/index\/wp-json\/wp\/v2\/posts"}],"about":[{"href":"https:\/\/www.pedroandretta.info\/index\/wp-json\/wp\/v2\/types\/post"}],"author":[{"embeddable":true,"href":"https:\/\/www.pedroandretta.info\/index\/wp-json\/wp\/v2\/users\/1"}],"replies":[{"embeddable":true,"href":"https:\/\/www.pedroandretta.info\/index\/wp-json\/wp\/v2\/comments?post=3374"}],"version-history":[{"count":0,"href":"https:\/\/www.pedroandretta.info\/index\/wp-json\/wp\/v2\/posts\/3374\/revisions"}],"wp:featuredmedia":[{"embeddable":true,"href":"https:\/\/www.pedroandretta.info\/index\/wp-json\/wp\/v2\/media\/3375"}],"wp:attachment":[{"href":"https:\/\/www.pedroandretta.info\/index\/wp-json\/wp\/v2\/media?parent=3374"}],"wp:term":[{"taxonomy":"category","embeddable":true,"href":"https:\/\/www.pedroandretta.info\/index\/wp-json\/wp\/v2\/categories?post=3374"},{"taxonomy":"post_tag","embeddable":true,"href":"https:\/\/www.pedroandretta.info\/index\/wp-json\/wp\/v2\/tags?post=3374"}],"curies":[{"name":"wp","href":"https:\/\/api.w.org\/{rel}","templated":true}]}}