{"id":3381,"date":"2019-12-22T06:47:57","date_gmt":"2019-12-22T06:47:57","guid":{"rendered":"https:\/\/www.pedroandretta.info\/index\/?p=3381"},"modified":"2019-12-22T06:47:57","modified_gmt":"2019-12-22T06:47:57","slug":"democratizacao-da-leitura-atraves-das-bibliotecas-livres-comunitarias-e-inform-2","status":"publish","type":"post","link":"https:\/\/www.pedroandretta.info\/index\/2019\/12\/democratizacao-da-leitura-atraves-das-bibliotecas-livres-comunitarias-e-inform-2\/","title":{"rendered":"\u201cDemocratiza\u00e7\u00e3o da Leitura atrav\u00e9s das bibliotecas livres, comunit\u00e1rias e inform&#8230;"},"content":{"rendered":"<p>[ad_1]<\/p>\n<blockquote class=\"twitter-tweet\">\n<p lang=\"pt\" dir=\"ltr\">\u201cDemocratiza\u00e7\u00e3o da Leitura atrav\u00e9s das bibliotecas livres, comunit\u00e1rias e informais\u201d| Desconhecia a terminologia <a target=\"_blank\" href=\"https:\/\/twitter.com\/hashtag\/bibliotecaslivres?src=hash&amp;ref_src=twsrc%5Etfw\" rel=\"noopener noreferrer\">#bibliotecaslivres<\/a> e <a target=\"_blank\" href=\"https:\/\/twitter.com\/hashtag\/bibliotecasinformais?src=hash&amp;ref_src=twsrc%5Etfw\" rel=\"noopener noreferrer\">#bibliotecasinformais<\/a> &#8230; Acho que s\u00f3 comprando o Guia pra saber&#8230; arrisca dizer algo sobre \u2066<a target=\"_blank\" href=\"https:\/\/twitter.com\/santabiblio?ref_src=twsrc%5Etfw\" rel=\"noopener noreferrer\">@santabiblio<\/a>\u2069 ?  <a target=\"_blank\" href=\"https:\/\/t.co\/R8xUaVVot2\" rel=\"noopener noreferrer\">https:\/\/t.co\/R8xUaVVot2<\/a><\/p>\n<p>&mdash; Pedro Andretta (@andretta_pedro) <a target=\"_blank\" href=\"https:\/\/twitter.com\/andretta_pedro\/status\/1208640297686712326?ref_src=twsrc%5Etfw\" rel=\"noopener noreferrer\">December 22, 2019<\/a><\/p><\/blockquote>\n<p><script async src=\"https:\/\/platform.twitter.com\/widgets.js\" charset=\"utf-8\"><\/script><\/p>\n<p>[ad_2]<br \/>\n<br \/><a href=\"https:\/\/twitter.com\/andretta_pedro\/statuses\/1208640297686712326\">Source<\/a> by <a href=\"https:\/\/t.co\/MfIsGWjH1p\">Pedro Andretta<\/a><\/p>\n","protected":false},"excerpt":{"rendered":"<p>[ad_1] \u201cDemocratiza\u00e7\u00e3o da Leitura atrav\u00e9s das bibliotecas livres, comunit\u00e1rias e informais\u201d| Desconhecia a terminologia #bibliotecaslivres e #bibliotecasinformais &#8230; Acho que s\u00f3 comprando o Guia pra saber&#8230; arrisca dizer algo sobre \u2066@santabiblio\u2069 ? https:\/\/t.co\/R8xUaVVot2 &mdash; Pedro Andretta (@andretta_pedro) December 22, 2019 [ad_2] Source by Pedro Andretta<\/p>\n","protected":false},"author":1,"featured_media":0,"comment_status":"closed","ping_status":"open","sticky":false,"template":"","format":"standard","meta":{"_jetpack_memberships_contains_paid_content":false,"footnotes":"","jetpack_publicize_message":"","jetpack_publicize_feature_enabled":true,"jetpack_social_post_already_shared":true,"jetpack_social_options":{"image_generator_settings":{"template":"highway","default_image_id":0,"font":"","enabled":false},"version":2}},"categories":[21],"tags":[328,327],"class_list":["post-3381","post","type-post","status-publish","format-standard","hentry","category-informeci","tag-bibliotecasinformais","tag-bibliotecaslivres"],"jetpack_publicize_connections":[],"jetpack_featured_media_url":"","views":"","jetpack_sharing_enabled":true,"_links":{"self":[{"href":"https:\/\/www.pedroandretta.info\/index\/wp-json\/wp\/v2\/posts\/3381","targetHints":{"allow":["GET"]}}],"collection":[{"href":"https:\/\/www.pedroandretta.info\/index\/wp-json\/wp\/v2\/posts"}],"about":[{"href":"https:\/\/www.pedroandretta.info\/index\/wp-json\/wp\/v2\/types\/post"}],"author":[{"embeddable":true,"href":"https:\/\/www.pedroandretta.info\/index\/wp-json\/wp\/v2\/users\/1"}],"replies":[{"embeddable":true,"href":"https:\/\/www.pedroandretta.info\/index\/wp-json\/wp\/v2\/comments?post=3381"}],"version-history":[{"count":0,"href":"https:\/\/www.pedroandretta.info\/index\/wp-json\/wp\/v2\/posts\/3381\/revisions"}],"wp:attachment":[{"href":"https:\/\/www.pedroandretta.info\/index\/wp-json\/wp\/v2\/media?parent=3381"}],"wp:term":[{"taxonomy":"category","embeddable":true,"href":"https:\/\/www.pedroandretta.info\/index\/wp-json\/wp\/v2\/categories?post=3381"},{"taxonomy":"post_tag","embeddable":true,"href":"https:\/\/www.pedroandretta.info\/index\/wp-json\/wp\/v2\/tags?post=3381"}],"curies":[{"name":"wp","href":"https:\/\/api.w.org\/{rel}","templated":true}]}}